{"id":8389,"date":"2024-06-27T02:04:49","date_gmt":"2024-06-27T00:04:49","guid":{"rendered":"https:\/\/pasaenmendoza.com\/?p=8389"},"modified":"2024-06-27T02:04:50","modified_gmt":"2024-06-27T00:04:50","slug":"funcionarios-judiciales-rechazaron-la-oferta-y-vuelven-al-paro-desde-este-viernes","status":"publish","type":"post","link":"https:\/\/pasaenmendoza.com\/?p=8389","title":{"rendered":"Funcionarios Judiciales rechazaron la oferta y vuelven al paro desde este viernes"},"content":{"rendered":"\n<p>El gremio estatal rechaz\u00f3 la oferta salarial que hizo el Gobierno en su regreso a la negociaci\u00f3n de paritarias.<\/p>\n\n\n\n<p>El gremio de los<strong>&nbsp;Funcionarios Judiciales<\/strong>&nbsp;rechaz\u00f3 este mi\u00e9rcoles la oferta salarial por considerarla \u201c<em>insuficiente<\/em>\u201c, por lo que volver\u00e1n al paro desde este viernes en oficinas fiscales y algunas dependencias del Poder Judicial.<\/p>\n\n\n\n<p>La paritaria se reactiv\u00f3 luego de que fracasara la conciliaci\u00f3n obligatoria entre los gremios del&nbsp;<strong>Poder Judicial<\/strong>&nbsp;y la&nbsp;<strong>Suprema Corte<\/strong>. El martes, los trabajadores votaron volver a la mesa de negociaci\u00f3n.<\/p>\n\n\n\n<p>Sin embargo, la oferta del 15% dividido en tres cuotas para los meses de julio, agosto y septiembre no content\u00f3 al sindicato conducido por&nbsp;<strong>Marcelo Fekonja<\/strong>. Hubo un cuarto intermedio, la Provincia hizo alguna mejora pero las diferencias se mantuvieron.<\/p>\n\n\n\n<p>De esta manera,&nbsp;<mark>desde el gremio indicaron que habr\u00e1 paro en las oficinas fiscales y dependencias que prestan servicios s\u00e1bados y domingo. La medida de fuerza arrancar\u00e1 el viernes 28 de junio al domingo 7 de julio.<\/mark><\/p>\n\n\n\n<p>En tanto,&nbsp;<mark>en otras reparticiones se plegar\u00e1n a la medida reci\u00e9n el jueves y viernes de la semana pr\u00f3xima.<\/mark><\/p>\n\n\n\n<p>Por otra parte, todav\u00eda estaban reunidos los representantes del otro gremio, el de los Empleados Judiciales, con los paritarios de la Provincia.<\/p>\n\n\n\n<p>Hay que considerar que el pr\u00f3ximo lunes 8 de julio el Poder Judicial entra en su habitual receso de invierno, hasta el 22 de julio.<\/p>\n\n\n\n<p>FUENTE: Elsol.com.ar <\/p>\n","protected":false},"excerpt":{"rendered":"<p>El gremio estatal rechaz\u00f3 la oferta salarial que hizo el Gobierno en su regreso a la negociaci\u00f3n de paritarias. El gremio de los&nbsp;Funcionarios Judiciales&nbsp;rechaz\u00f3 este mi\u00e9rcoles la oferta salarial por considerarla \u201cinsuficiente\u201c, por lo que volver\u00e1n al paro desde este viernes en oficinas fiscales y algunas dependencias del Poder Judicial. La paritaria se reactiv\u00f3 luego [&hellip;]<\/p>\n","protected":false},"author":2,"featured_media":8392,"comment_status":"open","ping_status":"open","sticky":true,"template":"","format":"standard","meta":[],"categories":[47],"tags":[],"_links":{"self":[{"href":"https:\/\/pasaenmendoza.com\/index.php?rest_route=\/wp\/v2\/posts\/8389"}],"collection":[{"href":"https:\/\/pasaenmendoza.com\/index.php?rest_route=\/wp\/v2\/posts"}],"about":[{"href":"https:\/\/pasaenmendoza.com\/index.php?rest_route=\/wp\/v2\/types\/post"}],"author":[{"embeddable":true,"href":"https:\/\/pasaenmendoza.com\/index.php?rest_route=\/wp\/v2\/users\/2"}],"replies":[{"embeddable":true,"href":"https:\/\/pasaenmendoza.com\/index.php?rest_route=%2Fwp%2Fv2%2Fcomments&post=8389"}],"version-history":[{"count":1,"href":"https:\/\/pasaenmendoza.com\/index.php?rest_route=\/wp\/v2\/posts\/8389\/revisions"}],"predecessor-version":[{"id":8393,"href":"https:\/\/pasaenmendoza.com\/index.php?rest_route=\/wp\/v2\/posts\/8389\/revisions\/8393"}],"wp:featuredmedia":[{"embeddable":true,"href":"https:\/\/pasaenmendoza.com\/index.php?rest_route=\/wp\/v2\/media\/8392"}],"wp:attachment":[{"href":"https:\/\/pasaenmendoza.com\/index.php?rest_route=%2Fwp%2Fv2%2Fmedia&parent=8389"}],"wp:term":[{"taxonomy":"category","embeddable":true,"href":"https:\/\/pasaenmendoza.com\/index.php?rest_route=%2Fwp%2Fv2%2Fcategories&post=8389"},{"taxonomy":"post_tag","embeddable":true,"href":"https:\/\/pasaenmendoza.com\/index.php?rest_route=%2Fwp%2Fv2%2Ftags&post=8389"}],"curies":[{"name":"wp","href":"https:\/\/api.w.org\/{rel}","templated":true}]}}