{"id":839,"date":"2023-08-22T14:34:24","date_gmt":"2023-08-22T12:34:24","guid":{"rendered":"https:\/\/pasaenmendoza.com\/?p=839"},"modified":"2023-08-22T14:34:27","modified_gmt":"2023-08-22T12:34:27","slug":"omar-de-marchi-sumo-a-un-intendente-peronista-a-la-union-mendocina","status":"publish","type":"post","link":"https:\/\/pasaenmendoza.com\/?p=839","title":{"rendered":"Omar De Marchi sum\u00f3 a un intendente peronista a La Uni\u00f3n Mendocina"},"content":{"rendered":"\n<p>on la mira puesta en las elecciones provinciales del 24 de septiembre, el candidato a gobernador incorpor\u00f3 en sus equipos a un hist\u00f3rico jefe comunal del Partido Justicialista.<\/p>\n\n\n\n<p>El diputado nacional y candidato a gobernador por\u00a0<strong>La Uni\u00f3n Mendocina<\/strong>,\u00a0<strong>Omar De Marchi<\/strong>, sorprendi\u00f3 este domingo por la noche al anunciar una nueva incorporaci\u00f3n a su frente. Se trata del hist\u00f3rico intendente peronista de Lavalle,\u00a0<strong>Roberto Righi<\/strong>, quien dejar\u00e1 su cargo como jefe comunal en diciembre tras m\u00e1s de 20\u00a0a\u00f1os en el poder. &#8220;Roberto viene realizando un gran trabajo junto a un calificado equipo en la Fundaci\u00f3n Hacer Mendoza, pensando y planificando la Mendoza que viene. A partir de ahora, sus equipos y los de La Uni\u00f3n Mendocina suman ideas, proyectos y profesionales&#8221;, sostuvo\u00a0<strong>De Marchi\u00a0<\/strong>al hacer referencia a su flamante incorporaci\u00f3n, con la cual ya hab\u00eda &#8220;coqueteado&#8221; en instancias previas a las elecciones provinciales.<\/p>\n\n\n\n<p>&#8220;Gracias\u00a0<strong>Roberto Righi<\/strong>\u00a0por compartir la misma visi\u00f3n de provincia. Vamos juntos a desarrollar Mendoza. Tu experiencia en Lavalle y el compromiso con el desarrollo rural suman mucho. Seguimos creciendo Participamos junto a Roberto de la celebraci\u00f3n de la Asunci\u00f3n de la Virgen, con m\u00e1s de 20mil visitantes. Al caminar juntos, el aliento de la gente fue enriquecedor. Volv\u00ed de Lavalle lleno de energ\u00eda positiva, con muchas ganas de poner en marcha a nuestra linda Mendoza&#8221;, coment\u00f3 el lujanino en su cuenta de Twitter.<\/p>\n\n\n\n<p>Y agreg\u00f3: &#8220;<strong>Roberto\u00a0<\/strong>viene realizando un gran trabajo junto a un calificado equipo en la Fundaci\u00f3n Hacer Mendoza, pensando y planificando la Mendoza que viene. A partir de ahora, sus equipos y los de\u00a0<strong>La Uni\u00f3n Mendocina\u00a0<\/strong>suman ideas, proyectos y profesionales. Vamos a gobernar Mendoza, escuchando a todos, con amplitud y respeto. Priorizamos la provincia por sobre cualquier otro inter\u00e9s. Superamos la grieta porque somos capaces de construir una agenda de futuro, sin perder tiempo en las diferencias del pasado&#8221;.<\/p>\n\n\n\n<p>Por su parte, Righi coment\u00f3 al respecto: &#8220;Gracias @omardemarchi por compartir con nuestro pueblo en Asunci\u00f3n una celebraci\u00f3n tan importante. Confiamos en que el di\u00e1logo entre distintos espacios es el camino que nos permitir\u00e1 encontrar las soluciones que la provincia necesita para volver a crecer&#8221;.<\/p>\n\n\n\n<p>El acercamiento -hoy oficializado- entre\u00a0<strong>De Marchi\u00a0<\/strong>y\u00a0<strong>Righi\u00a0<\/strong>no es casualidad.\u00a0Ambos ya hab\u00edan coqueteado en la previa a las elecciones PASO provinciales del 11 de junio. En aquel entonces\u00a0<strong>Righi\u00a0<\/strong>hab\u00eda mantenido la cautela a la hora de mostrar sus cartas en la competencia provincial. Cada vez que era consultado al respecto de su apoyo a los candidatos del PJ, prefiri\u00f3 enfocarse en las elecciones departamentales. Incluso, se neg\u00f3 a ser el candidato de unidad del peronismo atento a las diferencias internas que existen en su partido. La recorrida meses atr\u00e1s fue un mensaje puertas adentro que este domingo -tres meses despu\u00e9s- toma otro significado.<\/p>\n\n\n\n<p>FUENTE: MdzOnline.<\/p>\n","protected":false},"excerpt":{"rendered":"<p>on la mira puesta en las elecciones provinciales del 24 de septiembre, el candidato a gobernador incorpor\u00f3 en sus equipos a un hist\u00f3rico jefe comunal del Partido Justicialista. El diputado nacional y candidato a gobernador por\u00a0La Uni\u00f3n Mendocina,\u00a0Omar De Marchi, sorprendi\u00f3 este domingo por la noche al anunciar una nueva incorporaci\u00f3n a su frente. Se [&hellip;]<\/p>\n","protected":false},"author":2,"featured_media":840,"comment_status":"open","ping_status":"open","sticky":true,"template":"","format":"standard","meta":[],"categories":[47],"tags":[],"_links":{"self":[{"href":"https:\/\/pasaenmendoza.com\/index.php?rest_route=\/wp\/v2\/posts\/839"}],"collection":[{"href":"https:\/\/pasaenmendoza.com\/index.php?rest_route=\/wp\/v2\/posts"}],"about":[{"href":"https:\/\/pasaenmendoza.com\/index.php?rest_route=\/wp\/v2\/types\/post"}],"author":[{"embeddable":true,"href":"https:\/\/pasaenmendoza.com\/index.php?rest_route=\/wp\/v2\/users\/2"}],"replies":[{"embeddable":true,"href":"https:\/\/pasaenmendoza.com\/index.php?rest_route=%2Fwp%2Fv2%2Fcomments&post=839"}],"version-history":[{"count":1,"href":"https:\/\/pasaenmendoza.com\/index.php?rest_route=\/wp\/v2\/posts\/839\/revisions"}],"predecessor-version":[{"id":841,"href":"https:\/\/pasaenmendoza.com\/index.php?rest_route=\/wp\/v2\/posts\/839\/revisions\/841"}],"wp:featuredmedia":[{"embeddable":true,"href":"https:\/\/pasaenmendoza.com\/index.php?rest_route=\/wp\/v2\/media\/840"}],"wp:attachment":[{"href":"https:\/\/pasaenmendoza.com\/index.php?rest_route=%2Fwp%2Fv2%2Fmedia&parent=839"}],"wp:term":[{"taxonomy":"category","embeddable":true,"href":"https:\/\/pasaenmendoza.com\/index.php?rest_route=%2Fwp%2Fv2%2Fcategories&post=839"},{"taxonomy":"post_tag","embeddable":true,"href":"https:\/\/pasaenmendoza.com\/index.php?rest_route=%2Fwp%2Fv2%2Ftags&post=839"}],"curies":[{"name":"wp","href":"https:\/\/api.w.org\/{rel}","templated":true}]}}