{"id":8394,"date":"2024-06-27T02:09:33","date_gmt":"2024-06-27T00:09:33","guid":{"rendered":"https:\/\/pasaenmendoza.com\/?p=8394"},"modified":"2024-06-27T02:09:34","modified_gmt":"2024-06-27T00:09:34","slug":"cornejo-pondero-la-participacion-publico-privada-en-la-obra-publica","status":"publish","type":"post","link":"https:\/\/pasaenmendoza.com\/?p=8394","title":{"rendered":"Cornejo ponder\u00f3 la participaci\u00f3n p\u00fablico-privada en la obra p\u00fablica"},"content":{"rendered":"\n<p>\u00a0Este martes, el\u00a0<strong>gobernador<\/strong>\u00a0se present\u00f3 en la\u00a0<strong>Convenci\u00f3n Anual de la C\u00e1mara Argentina de la Construcci\u00f3n (CAMARCO)<\/strong>. En ese marco, Alfredo Cornejo particip\u00f3 en un panel sobre infraestructura y obra p\u00fablica, donde comparti\u00f3 escenario con los gobernadores de Entre R\u00edos, C\u00f3rdoba y Santa Fe. El evento se llev\u00f3 a cabo en el predio de La Rural en Buenos Aires, bajo el lema &#8220;Constructores de di\u00e1logo&#8221;.<\/p>\n\n\n\n<p>Durante su intervenci\u00f3n,<strong>\u00a0Alfredo Cornejo\u00a0<\/strong>enfatiz\u00f3 la importancia de la estabilidad macroecon\u00f3mica y el equilibrio fiscal como pilares para el desarrollo de proyectos de infraestructura sostenibles.<\/p>\n\n\n\n<p>&#8220;Hoy hay un alto consenso acerca de que debemos tener equilibrio en las cuentas p\u00fablicas, nacionales y provinciales&#8221;, afirm\u00f3. En tanto que destac\u00f3 la cr\u00edtica situaci\u00f3n de descapitalizaci\u00f3n de la infraestructura en el pa\u00eds y la necesidad de ser ingeniosos en la gesti\u00f3n de los roles del sector p\u00fablico y privado.<\/p>\n\n\n\n<p><strong>&#8220;Debemos ser muy ingeniosos en qu\u00e9 hace el sector p\u00fablico, y qu\u00e9 hace el sector privado&#8221;<\/strong>, se\u00f1al\u00f3 Cornejo, criticando la falta de coherencia en la asignaci\u00f3n de responsabilidades entre los distintos niveles de gobierno.<\/p>\n\n\n\n<p>En cuanto a la obra p\u00fablica en Mendoza, Cornejo indic\u00f3 la disposici\u00f3n de la provincia a transferir competencias y buscar financiamiento privado para mejorar las rutas nacionales y provinciales, destacando el caso del Paso Los Libertadores, que enfrenta un intenso tr\u00e1fico de camiones diarios.<\/p>\n\n\n\n<p>Adem\u00e1s, resalt\u00f3 la importancia de los 1.023 millones de d\u00f3lares derivados de la suspendida construcci\u00f3n de Portezuelo del Viento, fondos devenidos de un juicio por resarcimiento a la promoci\u00f3n industrial de las provincias vecinas y que se destinar\u00e1n a proyectos prioritarios en energ\u00eda e infraestructura de transporte y agua.<\/p>\n\n\n\n<p>Cornejo tambi\u00e9n subray\u00f3 la necesidad de inversiones p\u00fablicas y privadas, junto con reformas fiscales estructurales, para impulsar el desarrollo econ\u00f3mico y la competitividad de la regi\u00f3n. &#8220;Necesitamos inversi\u00f3n p\u00fablica y privada con riesgo para el privado, pero inversi\u00f3n al fin&#8221;, afirm\u00f3.<\/p>\n\n\n\n<p>En el panel tambi\u00e9n participaron los gobernadores&nbsp;<strong>Rogelio Frigerio (Entre R\u00edos), Mart\u00edn Llaryora (C\u00f3rdoba) y Maximiliano Pullaro (Santa Fe)<\/strong>, quienes coincidieron en la importancia de la infraestructura para el desarrollo econ\u00f3mico y social del pa\u00eds.<\/p>\n\n\n\n<p>Frigerio destac\u00f3 la necesidad de financiamiento a largo plazo para las obras de infraestructura, mientras que Llaryora enfatiz\u00f3 que la infraestructura es fundamental para mejorar la competitividad y sostener un plan econ\u00f3mico viable.<\/p>\n\n\n\n<p>La convenci\u00f3n de CAMARCO se centr\u00f3 en analizar los desaf\u00edos actuales del sector de la construcci\u00f3n y generar propuestas para revitalizar la industria, con la participaci\u00f3n de expertos, dirigentes pol\u00edticos y empresarios, as\u00ed como l\u00edderes de c\u00e1maras de construcci\u00f3n de otros pa\u00edses latinoamericanos.<\/p>\n\n\n\n<p>FUENTE: Mendozapost.<\/p>\n","protected":false},"excerpt":{"rendered":"<p>\u00a0Este martes, el\u00a0gobernador\u00a0se present\u00f3 en la\u00a0Convenci\u00f3n Anual de la C\u00e1mara Argentina de la Construcci\u00f3n (CAMARCO). En ese marco, Alfredo Cornejo particip\u00f3 en un panel sobre infraestructura y obra p\u00fablica, donde comparti\u00f3 escenario con los gobernadores de Entre R\u00edos, C\u00f3rdoba y Santa Fe. El evento se llev\u00f3 a cabo en el predio de La Rural en [&hellip;]<\/p>\n","protected":false},"author":2,"featured_media":8395,"comment_status":"open","ping_status":"open","sticky":true,"template":"","format":"standard","meta":[],"categories":[47],"tags":[],"_links":{"self":[{"href":"https:\/\/pasaenmendoza.com\/index.php?rest_route=\/wp\/v2\/posts\/8394"}],"collection":[{"href":"https:\/\/pasaenmendoza.com\/index.php?rest_route=\/wp\/v2\/posts"}],"about":[{"href":"https:\/\/pasaenmendoza.com\/index.php?rest_route=\/wp\/v2\/types\/post"}],"author":[{"embeddable":true,"href":"https:\/\/pasaenmendoza.com\/index.php?rest_route=\/wp\/v2\/users\/2"}],"replies":[{"embeddable":true,"href":"https:\/\/pasaenmendoza.com\/index.php?rest_route=%2Fwp%2Fv2%2Fcomments&post=8394"}],"version-history":[{"count":1,"href":"https:\/\/pasaenmendoza.com\/index.php?rest_route=\/wp\/v2\/posts\/8394\/revisions"}],"predecessor-version":[{"id":8396,"href":"https:\/\/pasaenmendoza.com\/index.php?rest_route=\/wp\/v2\/posts\/8394\/revisions\/8396"}],"wp:featuredmedia":[{"embeddable":true,"href":"https:\/\/pasaenmendoza.com\/index.php?rest_route=\/wp\/v2\/media\/8395"}],"wp:attachment":[{"href":"https:\/\/pasaenmendoza.com\/index.php?rest_route=%2Fwp%2Fv2%2Fmedia&parent=8394"}],"wp:term":[{"taxonomy":"category","embeddable":true,"href":"https:\/\/pasaenmendoza.com\/index.php?rest_route=%2Fwp%2Fv2%2Fcategories&post=8394"},{"taxonomy":"post_tag","embeddable":true,"href":"https:\/\/pasaenmendoza.com\/index.php?rest_route=%2Fwp%2Fv2%2Ftags&post=8394"}],"curies":[{"name":"wp","href":"https:\/\/api.w.org\/{rel}","templated":true}]}}