{"id":8397,"date":"2024-06-27T02:16:47","date_gmt":"2024-06-27T00:16:47","guid":{"rendered":"https:\/\/pasaenmendoza.com\/?p=8397"},"modified":"2024-06-27T02:16:48","modified_gmt":"2024-06-27T00:16:48","slug":"hebe-casado-participo-de-un-foro-de-liberales-en-madrid-donde-se-hablo-de-los-males-del-populismo","status":"publish","type":"post","link":"https:\/\/pasaenmendoza.com\/?p=8397","title":{"rendered":"Hebe Casado particip\u00f3 de un foro de liberales en Madrid donde se habl\u00f3 de los males del populismo"},"content":{"rendered":"\n<p>Como parte de su visita oficial a Espa\u00f1a, la vicegobernadora Hebe Casado asisti\u00f3 al encuentro del Foro Atl\u00e1ntico que reuni\u00f3 a destacadas figuras internacionales<\/p>\n\n\n\n<p>Como parte de su gira por Espa\u00f1a invitada por la Fundaci\u00f3n Libertad, la vicegobernadora\u00a0<strong>Hebe Casado<\/strong>\u00a0ha mantenido una intensa agenda de\u00a0<strong>reuniones con l\u00edderes pol\u00edticos y empresariales<\/strong>, enfocada en\u00a0<strong>atraer inversiones y promover el desarrollo\u00a0<\/strong>econ\u00f3mico de la provincia. En este contexto, este mi\u00e9rcoles fue parte del prestigioso Foro Atl\u00e1ntico que se realiz\u00f3 en Madrid.<\/p>\n\n\n\n<p><strong>La misi\u00f3n comercial y pol\u00edtica de la Fundaci\u00f3n Libertad se extender\u00e1 hasta el 28 de junio<\/strong>&nbsp;y ha comprendido una serie de actividades y encuentros con referentes del \u00e1mbito pol\u00edtico y empresarial y hasta reuniones con ex presidentes con el objetivo de vincular a empresarios argentinos con sus pares espa\u00f1oles de diversos rubros, adem\u00e1s de instituciones en la b\u00fasqueda de nuevas oportunidades de negocios.<\/p>\n\n\n\n<p>Entre las actividades, Hebe Casado particip\u00f3 este mi\u00e9rcoles del\u00a0<strong>Foro Atl\u00e1ntico<\/strong>\u00a0en el que se dieron lugar notorias\u00a0<strong>presencias del mundo pol\u00edtico e intelectual del liberalismo<\/strong>. Este encuentro fue organizado por la Fundaci\u00f3n Internacional para la Libertad (FIL) y tiene como prop\u00f3sito buscar respuesta a grandes asuntos del mundo actual como &#8220;la\u00a0<strong>defensa de la libertad, el libre mercado, la democracia y el Estado de Derecho&#8221;.<\/strong><\/p>\n\n\n\n<h2 class=\"wp-block-heading\">Hebe Casado destac\u00f3 la calidad de los exponentes<\/h2>\n\n\n\n<p>La vicegobernadora manifest\u00f3 que &#8220;se trat\u00f3 de un evento muy interesante y sumamente enriquecedor debido a la cantidad y calidad de exponentes que se dieron cita\u201d.<\/p>\n\n\n\n<p>Sumado a ello, dijo que &#8220;<strong>cada una de estas figuras expres\u00f3 desde su lugar los inconvenientes que han tenido con el populismo,<\/strong>&nbsp;lo que significa la p\u00e9rdida de la democracia, de la institucionalidad, la p\u00e9rdida de la libertad de los ciudadanos y lo que cuesta recuperarla despu\u00e9s\u201d.<\/p>\n\n\n\n<p>Seguidamente destac\u00f3 los\u00a0<strong>aportes de Fernando Savater y \u00c1lvaro Vargas Llosa;<\/strong>\u00a0pero puntualiz\u00f3 que la exposici\u00f3n m\u00e1s movilizante fue la de la\u00a0<strong>venezolana Mar\u00eda Corina Machado,\u00a0<\/strong>quien cont\u00f3 en primera persona la movilizaci\u00f3n ciudadana para el retorno de la democracia en Venezuela en las elecciones del 28 de julio luego de que fuera vetada para participar en los comicios.<\/p>\n\n\n\n<h2 class=\"wp-block-heading\">Encuentro de figuras de envergadura<\/h2>\n\n\n\n<p>El Foro Atl\u00e1ntico celebr\u00f3 su XVII edici\u00f3n y prest\u00f3 especial atenci\u00f3n a las elecciones en Venezuela. Adem\u00e1s, se celebr\u00f3 un panel especial de di\u00e1logo entre alcaldes iberoamericanos con el objetivo de dar visibilidad al trabajo que realizan los gobiernos locales para materializar las soluciones y retos que demanda la ciudadan\u00eda, y que son comunes en distintas regiones.<\/p>\n\n\n\n<p>El encuentro cont\u00f3 con importantes panelistas como los expresidentes Guillermo Lasso (Ecuador), Felipe Calder\u00f3n (M\u00e9xico) e Iv\u00e1n Duque (Colombia); el exministro de Econom\u00eda de Brasil Paulo Guedes; el escritor y periodista \u00c1lvaro Vargas Llosa; el fil\u00f3sofo Fernando Savater y el alcalde de Madrid, Jos\u00e9 Luis Mart\u00ednez-Almeida.<\/p>\n\n\n\n<p>Tambi\u00e9n se sumaron los analistas Cayetana \u00c1lvarez de Toledo; Daniel Lacalle; Loris Zanatta; Jano Garc\u00eda y Manuel Llamas.<\/p>\n\n\n\n<p>FUENTE: Diariouno.com<\/p>\n","protected":false},"excerpt":{"rendered":"<p>Como parte de su visita oficial a Espa\u00f1a, la vicegobernadora Hebe Casado asisti\u00f3 al encuentro del Foro Atl\u00e1ntico que reuni\u00f3 a destacadas figuras internacionales Como parte de su gira por Espa\u00f1a invitada por la Fundaci\u00f3n Libertad, la vicegobernadora\u00a0Hebe Casado\u00a0ha mantenido una intensa agenda de\u00a0reuniones con l\u00edderes pol\u00edticos y empresariales, enfocada en\u00a0atraer inversiones y promover el [&hellip;]<\/p>\n","protected":false},"author":2,"featured_media":8400,"comment_status":"open","ping_status":"open","sticky":true,"template":"","format":"standard","meta":[],"categories":[47],"tags":[],"_links":{"self":[{"href":"https:\/\/pasaenmendoza.com\/index.php?rest_route=\/wp\/v2\/posts\/8397"}],"collection":[{"href":"https:\/\/pasaenmendoza.com\/index.php?rest_route=\/wp\/v2\/posts"}],"about":[{"href":"https:\/\/pasaenmendoza.com\/index.php?rest_route=\/wp\/v2\/types\/post"}],"author":[{"embeddable":true,"href":"https:\/\/pasaenmendoza.com\/index.php?rest_route=\/wp\/v2\/users\/2"}],"replies":[{"embeddable":true,"href":"https:\/\/pasaenmendoza.com\/index.php?rest_route=%2Fwp%2Fv2%2Fcomments&post=8397"}],"version-history":[{"count":1,"href":"https:\/\/pasaenmendoza.com\/index.php?rest_route=\/wp\/v2\/posts\/8397\/revisions"}],"predecessor-version":[{"id":8401,"href":"https:\/\/pasaenmendoza.com\/index.php?rest_route=\/wp\/v2\/posts\/8397\/revisions\/8401"}],"wp:featuredmedia":[{"embeddable":true,"href":"https:\/\/pasaenmendoza.com\/index.php?rest_route=\/wp\/v2\/media\/8400"}],"wp:attachment":[{"href":"https:\/\/pasaenmendoza.com\/index.php?rest_route=%2Fwp%2Fv2%2Fmedia&parent=8397"}],"wp:term":[{"taxonomy":"category","embeddable":true,"href":"https:\/\/pasaenmendoza.com\/index.php?rest_route=%2Fwp%2Fv2%2Fcategories&post=8397"},{"taxonomy":"post_tag","embeddable":true,"href":"https:\/\/pasaenmendoza.com\/index.php?rest_route=%2Fwp%2Fv2%2Ftags&post=8397"}],"curies":[{"name":"wp","href":"https:\/\/api.w.org\/{rel}","templated":true}]}}