{"id":8402,"date":"2024-06-28T00:34:33","date_gmt":"2024-06-27T22:34:33","guid":{"rendered":"https:\/\/pasaenmendoza.com\/?p=8402"},"modified":"2024-06-28T00:34:35","modified_gmt":"2024-06-27T22:34:35","slug":"el-sute-rechazo-la-nueva-oferta-salarial-del-gobierno-como-sigue-la-paritaria","status":"publish","type":"post","link":"https:\/\/pasaenmendoza.com\/?p=8402","title":{"rendered":"El SUTE rechaz\u00f3 la nueva oferta salarial del Gobierno: c\u00f3mo sigue la paritaria"},"content":{"rendered":"\n<p>El&nbsp;<strong>Sindicato Unido de los Trabajadores de la Educaci\u00f3n (SUTE)<\/strong>&nbsp;rechaz\u00f3 este jueves la nueva oferta salarial presentada por el Gobierno en la mesa paritaria. Esta segunda propuesta, que incluy\u00f3 una mejora del piso del sueldo m\u00ednimo garantizado para docentes,&nbsp;<strong>tampoco convenci\u00f3 a los representantes gremiales<\/strong>. As\u00ed las cosas, acordaron volver a reunirse el pr\u00f3ximo lunes 1 de julio.<\/p>\n\n\n\n<p>El pasado lunes se retomaron las negociaciones paritarias. En esa oportunidad, los enviados del Ejecutivo presentaron una oferta que consisti\u00f3 en un aumento del&nbsp;<strong>5% en julio, 5% agosto y 5% septiembre<\/strong>, tanto&nbsp;<strong>al B\u00e1sico<\/strong>&nbsp;(\u00edtem 1003) como al&nbsp;<strong>Estado Docente&nbsp;<\/strong>(1313). Tambi\u00e9n el Gobierno se comprometi\u00f3 a llevar el&nbsp;<em>\u201cSalario M\u00ednimo Neto Provincial Docente Garantizado\u201d<\/em>&nbsp;a $400.000. La propuesta fue rechazada por el SUTE, que la calific\u00f3 de&nbsp;<em>\u201cinsuficiente\u201d.<\/em><\/p>\n\n\n\n<p>Este jueves, las partes volvieron a verse las caras en la Subsecretar\u00eda de Trabajo. Sin cambios en los porcentajes de aumento, la \u00fanica modificaci\u00f3n de la propuesta alcanz\u00f3 al salario inicial.<\/p>\n\n\n\n<p><em>\u201cEn el d\u00eda de hoy le acercamos una nueva propuesta a SUTE de salario inicial docente garantizado para el mes de julio de $425.000. Asimismo para aquellos docentes con m\u00e1s de 29 a\u00f1os de antig\u00fcedad y alcanzados por la cl\u00e1usula de garant\u00eda se les har\u00e1 remunerativa la misma\u201d<\/em>, explic\u00f3 la directora de Pol\u00edtica Salarial del Gobierno de Mendoza, Mariana Lima.<\/p>\n\n\n\n<p>Como sucedi\u00f3 el lunes pasado en la reapertura de las paritarias, el gremio tambi\u00e9n rechaz\u00f3 esta oferta.\u00a0<em>\u201cNos volveremos a reunir el lunes 1 de julio\u201d<\/em>, destac\u00f3 Lima.<\/p>\n\n\n\n<p><strong>Fuente: www.elsol.com.ar<\/strong><\/p>\n","protected":false},"excerpt":{"rendered":"<p>El&nbsp;Sindicato Unido de los Trabajadores de la Educaci\u00f3n (SUTE)&nbsp;rechaz\u00f3 este jueves la nueva oferta salarial presentada por el Gobierno en la mesa paritaria. Esta segunda propuesta, que incluy\u00f3 una mejora del piso del sueldo m\u00ednimo garantizado para docentes,&nbsp;tampoco convenci\u00f3 a los representantes gremiales. As\u00ed las cosas, acordaron volver a reunirse el pr\u00f3ximo lunes 1 de [&hellip;]<\/p>\n","protected":false},"author":2,"featured_media":8403,"comment_status":"open","ping_status":"open","sticky":false,"template":"","format":"standard","meta":[],"categories":[55],"tags":[],"_links":{"self":[{"href":"https:\/\/pasaenmendoza.com\/index.php?rest_route=\/wp\/v2\/posts\/8402"}],"collection":[{"href":"https:\/\/pasaenmendoza.com\/index.php?rest_route=\/wp\/v2\/posts"}],"about":[{"href":"https:\/\/pasaenmendoza.com\/index.php?rest_route=\/wp\/v2\/types\/post"}],"author":[{"embeddable":true,"href":"https:\/\/pasaenmendoza.com\/index.php?rest_route=\/wp\/v2\/users\/2"}],"replies":[{"embeddable":true,"href":"https:\/\/pasaenmendoza.com\/index.php?rest_route=%2Fwp%2Fv2%2Fcomments&post=8402"}],"version-history":[{"count":1,"href":"https:\/\/pasaenmendoza.com\/index.php?rest_route=\/wp\/v2\/posts\/8402\/revisions"}],"predecessor-version":[{"id":8404,"href":"https:\/\/pasaenmendoza.com\/index.php?rest_route=\/wp\/v2\/posts\/8402\/revisions\/8404"}],"wp:featuredmedia":[{"embeddable":true,"href":"https:\/\/pasaenmendoza.com\/index.php?rest_route=\/wp\/v2\/media\/8403"}],"wp:attachment":[{"href":"https:\/\/pasaenmendoza.com\/index.php?rest_route=%2Fwp%2Fv2%2Fmedia&parent=8402"}],"wp:term":[{"taxonomy":"category","embeddable":true,"href":"https:\/\/pasaenmendoza.com\/index.php?rest_route=%2Fwp%2Fv2%2Fcategories&post=8402"},{"taxonomy":"post_tag","embeddable":true,"href":"https:\/\/pasaenmendoza.com\/index.php?rest_route=%2Fwp%2Fv2%2Ftags&post=8402"}],"curies":[{"name":"wp","href":"https:\/\/api.w.org\/{rel}","templated":true}]}}