{"id":8405,"date":"2024-06-28T00:42:45","date_gmt":"2024-06-27T22:42:45","guid":{"rendered":"https:\/\/pasaenmendoza.com\/?p=8405"},"modified":"2024-06-28T00:42:46","modified_gmt":"2024-06-27T22:42:46","slug":"el-dia-despues-de-la-lucha-antigranizo-en-mendoza-que-pasara-con-los-cuatro-aviones","status":"publish","type":"post","link":"https:\/\/pasaenmendoza.com\/?p=8405","title":{"rendered":"El d\u00eda despu\u00e9s de la lucha antigranizo en Mendoza: qu\u00e9 pasar\u00e1 con los cuatro aviones"},"content":{"rendered":"\n<p>El Gobierno de Mendoza le puso\u00a0fin al programa de lucha antigranizo\u00a0con siembra de nubes por aviones. En su lugar, la administraci\u00f3n de Alfredo Cornejo apuntalar\u00e1 dos alternativas ya conocidas:<strong>\u00a0un seguro agr\u00edcola p\u00fablico-privado de riesgo agr\u00edcola y cr\u00e9ditos a tasa cero para la instalaci\u00f3n de malla antigranizo.\u00a0<\/strong>En total, el Ejecutivo tiene pensado destinar m\u00e1s de $17.000 millones en subsidios.<\/p>\n\n\n\n<p>\u201cSe cambia el enfoque de trabajo para la protecci\u00f3n y asistencia a productores por contingencias clim\u00e1ticas\u201d, justificaron desde el Ministerio de Producci\u00f3n. Una de las grandes inc\u00f3gnitas apunta&nbsp;<strong>al futuro de los cuatro aviones<\/strong>&nbsp;que est\u00e1n en manos de la empresa provincial AEMSA (Aeron\u00e1utica Mendoza SA), la encargada de administrar y ejecutar la lucha antigranizo. En total, la compa\u00f1\u00eda tiene 85 empleados, entre pilotos, radaristas, funcionarios y administrativos.<\/p>\n\n\n\n<p>El ministro de Producci\u00f3n,\u00a0<strong>Rodolfo Vargas Arizu<\/strong>, coment\u00f3 que las cuatro aeronaves son propiedad del Gobierno de Mendoza y que se encuentran concesionadas a Amesa. En cuanto al futuro de las unidades, aclar\u00f3 que\u00a0<em>\u201cest\u00e1 bajo an\u00e1lisis\u201d.<\/em><\/p>\n\n\n\n<p>\u201c<em>Entre las posibilidades que barajan est\u00e1 la venta de algunos de los equipos y que, con ese dinero, se adquieran modelos m\u00e1s actuales. Tambi\u00e9n pueden ser derivados a otras a\u00e9reas para que cumplan con tareas sanitarias o de Gobierno<\/em>\u201c, expuso el funcionario.<\/p>\n\n\n\n<p>Vargas Arizu tambi\u00e9n reconoci\u00f3 que la decisi\u00f3n de no seguir con la lucha antigranizo va de la mano con el\u00a0cierre del Instituto de Desarrollo Rural (IDR) y del Instituto de Desarrollo Comercial (IDC).<\/p>\n\n\n\n<p>\u201c<em>Estamos en un proceso de reorganizaci\u00f3n del Estado y de optimizaci\u00f3n de los recursos. Los productores no se ver\u00e1n afectados por estas medidas\u201d<\/em>, explay\u00f3.<\/p>\n\n\n\n<p>Mientras que el subsecretario de Agricultura y Comercio,&nbsp;<strong>Sergio Moralejo<\/strong>, agreg\u00f3 que las dificultades para conseguir pirotecnia tambi\u00e9n influyeron al momento de tomar la decisi\u00f3n de dar de baja el plan de lucha antigranizo. Se utilizan por temporada, estimativamente 10.000 cartuchos y 10.000 bengalas.<\/p>\n\n\n\n<p>\u201c<em>Entre el mantenimiento de los aviones y la pirot\u00e9cnica, el costo era de 10.000 millones de pesos. Esas partidas ir\u00e1n destinadas a los seguros y se usar\u00e1n de manera m\u00e1s eficiente para ayudar a los peque\u00f1os productores<\/em>\u201d, manifest\u00f3.<\/p>\n\n\n\n<h2 class=\"wp-block-heading\" id=\"h-seguro-y-malla\">Seguro y malla<\/h2>\n\n\n\n<p><em>\u201cPor primera vez en 40 a\u00f1os, un gobierno tom\u00f3 la decisi\u00f3n de discontinuar esta lucha. Con esos fondos vamos a poder brindarle m\u00e1s recursos para los productores<\/em>\u201c, exclam\u00f3 Vargas Arizu.<\/p>\n\n\n\n<p>En lugar de la lucha antigranizo activa a trav\u00e9s de la siembra de nubes con yoduro de plata, el Ejecutivo le dar\u00e1 mayor impulso a&nbsp;<strong>la defensa pasiva<\/strong>&nbsp;a trav\u00e9s del otorgamiento de cr\u00e9ditos blandos para la colocaci\u00f3n de malla antigranizo y de seguros agr\u00edcolas.<\/p>\n\n\n\n<p>\u201c<em>La semana que viene el Fondo de la Transformaci\u00f3n y Crecimiento<\/em>&nbsp;<em>anunciar\u00e1 las condiciones para que los productores puedan acceder a los cr\u00e9ditos, que ser\u00e1n otorgados por diferentes bancos<\/em>\u201c, adelant\u00f3 Vargas Arizu. La tasa subsidiada oscilar\u00e1 entre el 14% y 20%, explicaron desde la cartera de Producci\u00f3n.<\/p>\n\n\n\n<p>Seg\u00fan&nbsp;<strong>Moralejo<\/strong>, la lucha antigranizo le significaba a la Provincia un costo de m\u00e1s de $10.000 millones. El funcionario asegur\u00f3 que esta partida ser\u00e1 volcada a este nuevo modo de ayuda a peque\u00f1os y medianos productores.<\/p>\n\n\n\n<p>\u201c<em>Este a\u00f1o agr\u00edcola lo vamos a comenzar con $40.000 millones con tasa subsidiada del Fondo de la Transformaci\u00f3n para la malla antigranizo. Creemos que con un seguro p\u00fablico privado, el peque\u00f1o productor va a poder recomenzar un proceso de capitalizaci\u00f3n de protecci\u00f3n de los cultivos<\/em>\u201d, detall\u00f3 Moralejo.<\/p>\n\n\n\n<h2 class=\"wp-block-heading\" id=\"h-una-mirada-tecnica\">Una mirada t\u00e9cnica<\/h2>\n\n\n\n<p>El investigador &nbsp;<strong>Lucio Cichitti<\/strong>&nbsp;celebr\u00f3 la decisi\u00f3n tomada por el Gobierno de&nbsp;<strong>Alfredo Cornejo<\/strong>&nbsp;y la considera&nbsp;<em>\u201cigual o m\u00e1s importante que habilitaci\u00f3n de la miner\u00eda<\/em>\u201d en Mendoza.<\/p>\n\n\n\n<p>\u201c<em>Esta medida est\u00e1s igual o m\u00e1s importante de que habiliten la miner\u00eda porque cancelar la lucha antigranizo, va a dejar dinero en 2024, la miner\u00eda va a dejar dentro de algunos a\u00f1os. Por eso valoro la valent\u00eda de este Gobierno de tomar esta acci\u00f3n<\/em>\u201d, revel\u00f3 Cichitti.<\/p>\n\n\n\n<p>El docente universitario ha escrito un sinf\u00edn de art\u00edculos y estudios acerca de este tema. Cichitti analiz\u00f3 que en Mendoza solamente se llevaba a cabo la lucha antigranizo y cuestion\u00f3 su efectividad.<\/p>\n\n\n\n<p>\u201c<em>Si fuesen efectivas, las otras provincias argentinas tambi\u00e9n las estar\u00edan utilizando, pero no. Pa\u00edses desarrollados como Estados Unidos, Espa\u00f1a, Francia, Italia o Grecia tampoco la aplican. Ni en Rusia, que son los que nos venden las bengalas, tampoco las utilizan. Hemos perdido tiempo con este sistema<\/em>\u201d, enfatiz\u00f3.<\/p>\n\n\n\n<p>En esa misma l\u00ednea, el experto finaliz\u00f3 \u201c<em>si en estos 40 a\u00f1os que se lucha con el granizo, los productores hubieran recibido los cr\u00e9ditos que se le van a otorgar, estar\u00edamos hablando de otros niveles de producci\u00f3n porque se hubieran recuperado mucho m\u00e1s r\u00e1pido<\/em>\u201d. \u00a0<\/p>\n\n\n\n<p><strong>Fuente: www.elsol.com.ar<\/strong><\/p>\n","protected":false},"excerpt":{"rendered":"<p>El Gobierno de Mendoza le puso\u00a0fin al programa de lucha antigranizo\u00a0con siembra de nubes por aviones. En su lugar, la administraci\u00f3n de Alfredo Cornejo apuntalar\u00e1 dos alternativas ya conocidas:\u00a0un seguro agr\u00edcola p\u00fablico-privado de riesgo agr\u00edcola y cr\u00e9ditos a tasa cero para la instalaci\u00f3n de malla antigranizo.\u00a0En total, el Ejecutivo tiene pensado destinar m\u00e1s de $17.000 [&hellip;]<\/p>\n","protected":false},"author":2,"featured_media":8406,"comment_status":"open","ping_status":"open","sticky":false,"template":"","format":"standard","meta":[],"categories":[75],"tags":[],"_links":{"self":[{"href":"https:\/\/pasaenmendoza.com\/index.php?rest_route=\/wp\/v2\/posts\/8405"}],"collection":[{"href":"https:\/\/pasaenmendoza.com\/index.php?rest_route=\/wp\/v2\/posts"}],"about":[{"href":"https:\/\/pasaenmendoza.com\/index.php?rest_route=\/wp\/v2\/types\/post"}],"author":[{"embeddable":true,"href":"https:\/\/pasaenmendoza.com\/index.php?rest_route=\/wp\/v2\/users\/2"}],"replies":[{"embeddable":true,"href":"https:\/\/pasaenmendoza.com\/index.php?rest_route=%2Fwp%2Fv2%2Fcomments&post=8405"}],"version-history":[{"count":1,"href":"https:\/\/pasaenmendoza.com\/index.php?rest_route=\/wp\/v2\/posts\/8405\/revisions"}],"predecessor-version":[{"id":8407,"href":"https:\/\/pasaenmendoza.com\/index.php?rest_route=\/wp\/v2\/posts\/8405\/revisions\/8407"}],"wp:featuredmedia":[{"embeddable":true,"href":"https:\/\/pasaenmendoza.com\/index.php?rest_route=\/wp\/v2\/media\/8406"}],"wp:attachment":[{"href":"https:\/\/pasaenmendoza.com\/index.php?rest_route=%2Fwp%2Fv2%2Fmedia&parent=8405"}],"wp:term":[{"taxonomy":"category","embeddable":true,"href":"https:\/\/pasaenmendoza.com\/index.php?rest_route=%2Fwp%2Fv2%2Fcategories&post=8405"},{"taxonomy":"post_tag","embeddable":true,"href":"https:\/\/pasaenmendoza.com\/index.php?rest_route=%2Fwp%2Fv2%2Ftags&post=8405"}],"curies":[{"name":"wp","href":"https:\/\/api.w.org\/{rel}","templated":true}]}}