{"id":8411,"date":"2024-06-28T00:55:55","date_gmt":"2024-06-27T22:55:55","guid":{"rendered":"https:\/\/pasaenmendoza.com\/?p=8411"},"modified":"2024-06-28T00:55:56","modified_gmt":"2024-06-27T22:55:56","slug":"anses-confirmo-monto-oficial-de-la-jubilacion-minima-con-el-aumento-de-julio-2024","status":"publish","type":"post","link":"https:\/\/pasaenmendoza.com\/?p=8411","title":{"rendered":"ANSES confirm\u00f3 MONTO OFICIAL de la jubilaci\u00f3n m\u00ednima con el aumento de julio 2024"},"content":{"rendered":"\n<p><strong>ANSES<\/strong>\u00a0confirm\u00f3 el monto oficial de la jubilaci\u00f3n m\u00ednima con el\u00a0<strong>aumento<\/strong>\u00a0que la entidad aplicar\u00e1 en\u00a0<strong>julio de 2024<\/strong>. De esta manera, los\u00a0<strong>jubilados<\/strong>\u00a0y pensionados con haberes m\u00ednimos ya saben cu\u00e1nto cobrar\u00e1n el pr\u00f3ximo mes.<\/p>\n\n\n\n<p>Esta importante noticia de\u00a0<strong>ANSES<\/strong>\u00a0se comunica en un momento justo en que los\u00a0<strong>jubilados<\/strong>\u00a0ya se encuentran interesados en el cobro de sus haberes junto al\u00a0<strong>aumento<\/strong>\u00a0que recibieron por la inflaci\u00f3n.<\/p>\n\n\n\n<p><strong>ANSES&nbsp;<\/strong>tambi\u00e9n confirm\u00f3 a los&nbsp;<strong>jubilados<\/strong>&nbsp;las fechas de pago de las jubilaciones con el ajuste en el monto oficial de la m\u00ednima.<\/p>\n\n\n\n<h2 class=\"wp-block-heading\">ANSES confirm\u00f3 monto oficial de la jubilaci\u00f3n m\u00ednima con el aumento de julio 2024<\/h2>\n\n\n\n<p><strong>ANSES<\/strong>&nbsp;ratific\u00f3 que la m\u00ednima para&nbsp;<strong>jubilados<\/strong>&nbsp;tendr\u00e1 un&nbsp;<strong>aumento<\/strong>&nbsp;durante&nbsp;<strong>julio de 2024<\/strong>:<\/p>\n\n\n\n<ul>\n<li>4,2% de&nbsp;<strong>aumento<\/strong>&nbsp;para los jubilados de&nbsp;<strong>ANSES<\/strong><\/li>\n\n\n\n<li>El porcentaje corresponde al \u00edndice de inflaci\u00f3n registrado en mayo 2024<\/li>\n\n\n\n<li>El&nbsp;<strong>aumento<\/strong>&nbsp;para&nbsp;<strong>jubilados<\/strong>&nbsp;se aplicar\u00e1 sobre los haberes de julio 2024<\/li>\n\n\n\n<li>Esto significa que la jubilaci\u00f3n m\u00ednima de julio 2024 subir\u00e1 $8.692<\/li>\n\n\n\n<li>De esta manera, el monto oficial de la m\u00ednima para\u00a0<strong>jubilados<\/strong>\u00a0de\u00a0<strong>ANSES<\/strong>\u00a0ser\u00e1 de\u00a0<strong>$215.623\u00a0<\/strong>en julio 2024<\/li>\n<\/ul>\n\n\n\n<h2 class=\"wp-block-heading\">ANSES: fechas de pago a jubilados y pensionados en julio de 2024<\/h2>\n\n\n\n<p><strong>ANSES<\/strong>&nbsp;revel\u00f3 las fechas de pago para los&nbsp;<strong>jubilados<\/strong>&nbsp;y pensionados correspondiente a julio de 2024:<\/p>\n\n\n\n<h3 class=\"wp-block-heading\">Jubilados que cobran la m\u00ednima<\/h3>\n\n\n\n<ul>\n<li>DNI terminado en 0: lunes 8 de julio de 2024<\/li>\n\n\n\n<li>DNI terminado en 1: mi\u00e9rcoles 10 de julio de 2024<\/li>\n\n\n\n<li>DNI terminado en 2: jueves 11 de julio de 2024<\/li>\n\n\n\n<li>DNI terminado en 3: viernes 12 de julio de 2024<\/li>\n\n\n\n<li>DNI terminado en 4: lunes 15 de julio de 2024<\/li>\n\n\n\n<li>DNI terminado en 5: martes 16 de julio de 2024<\/li>\n\n\n\n<li>DNI terminado en 6: mi\u00e9rcoles 17 de julio de 2024<\/li>\n\n\n\n<li>DNI terminado en 7: jueves 18 de julio de 2024<\/li>\n\n\n\n<li>DNI terminado en 8: viernes 19 de julio de 2024<\/li>\n\n\n\n<li>DNI terminado en 9: lunes 22 de julio de 2024<\/li>\n<\/ul>\n\n\n\n<h3 class=\"wp-block-heading\">Jubilados que cobran m\u00e1s que la m\u00ednima<\/h3>\n\n\n\n<ul>\n<li>DNI terminado en 0 y 1: martes 23 de julio de 2024<\/li>\n\n\n\n<li>DNI terminado en 2 y 3: mi\u00e9rcoles 24 de julio de 2024<\/li>\n\n\n\n<li>DNI terminado en 4 y 5: jueves 25 de julio de 2024<\/li>\n\n\n\n<li>DNI terminado en 6 y 7: viernes 26 de julio de 2024<\/li>\n\n\n\n<li>DNI terminado en 8 y 9: lunes 29 de julio de 2024<\/li>\n<\/ul>\n\n\n\n<p>Hay que recordar que\u00a0<strong>ANSES\u00a0<\/strong>a\u00fan no confirm\u00f3 si los\u00a0<strong>jubilados<\/strong>\u00a0y pensionados cobrar\u00e1n otro\u00a0<strong>bono extraordinario<\/strong>\u00a0de $70.000 en julio 2024.<\/p>\n\n\n\n<p><strong>Fuente: www.diariouno.com.ar<\/strong><\/p>\n","protected":false},"excerpt":{"rendered":"<p>ANSES\u00a0confirm\u00f3 el monto oficial de la jubilaci\u00f3n m\u00ednima con el\u00a0aumento\u00a0que la entidad aplicar\u00e1 en\u00a0julio de 2024. De esta manera, los\u00a0jubilados\u00a0y pensionados con haberes m\u00ednimos ya saben cu\u00e1nto cobrar\u00e1n el pr\u00f3ximo mes. Esta importante noticia de\u00a0ANSES\u00a0se comunica en un momento justo en que los\u00a0jubilados\u00a0ya se encuentran interesados en el cobro de sus haberes junto al\u00a0aumento\u00a0que recibieron [&hellip;]<\/p>\n","protected":false},"author":2,"featured_media":8412,"comment_status":"open","ping_status":"open","sticky":false,"template":"","format":"standard","meta":[],"categories":[57],"tags":[],"_links":{"self":[{"href":"https:\/\/pasaenmendoza.com\/index.php?rest_route=\/wp\/v2\/posts\/8411"}],"collection":[{"href":"https:\/\/pasaenmendoza.com\/index.php?rest_route=\/wp\/v2\/posts"}],"about":[{"href":"https:\/\/pasaenmendoza.com\/index.php?rest_route=\/wp\/v2\/types\/post"}],"author":[{"embeddable":true,"href":"https:\/\/pasaenmendoza.com\/index.php?rest_route=\/wp\/v2\/users\/2"}],"replies":[{"embeddable":true,"href":"https:\/\/pasaenmendoza.com\/index.php?rest_route=%2Fwp%2Fv2%2Fcomments&post=8411"}],"version-history":[{"count":1,"href":"https:\/\/pasaenmendoza.com\/index.php?rest_route=\/wp\/v2\/posts\/8411\/revisions"}],"predecessor-version":[{"id":8413,"href":"https:\/\/pasaenmendoza.com\/index.php?rest_route=\/wp\/v2\/posts\/8411\/revisions\/8413"}],"wp:featuredmedia":[{"embeddable":true,"href":"https:\/\/pasaenmendoza.com\/index.php?rest_route=\/wp\/v2\/media\/8412"}],"wp:attachment":[{"href":"https:\/\/pasaenmendoza.com\/index.php?rest_route=%2Fwp%2Fv2%2Fmedia&parent=8411"}],"wp:term":[{"taxonomy":"category","embeddable":true,"href":"https:\/\/pasaenmendoza.com\/index.php?rest_route=%2Fwp%2Fv2%2Fcategories&post=8411"},{"taxonomy":"post_tag","embeddable":true,"href":"https:\/\/pasaenmendoza.com\/index.php?rest_route=%2Fwp%2Fv2%2Ftags&post=8411"}],"curies":[{"name":"wp","href":"https:\/\/api.w.org\/{rel}","templated":true}]}}