{"id":8418,"date":"2024-06-28T23:34:30","date_gmt":"2024-06-28T21:34:30","guid":{"rendered":"https:\/\/pasaenmendoza.com\/?p=8418"},"modified":"2024-06-28T23:34:31","modified_gmt":"2024-06-28T21:34:31","slug":"estefania-banini-sacudio-al-futbol-femenino-con-su-despedida-del-atletico-madrid","status":"publish","type":"post","link":"https:\/\/pasaenmendoza.com\/?p=8418","title":{"rendered":"Estefan\u00eda Banini sacudi\u00f3 al f\u00fatbol femenino con su despedida del Atl\u00e9tico Madrid"},"content":{"rendered":"\n<p><strong>Estefan\u00eda Banini<\/strong>\u00a0sacudi\u00f3 esta semana al ambiente del internacional femenino, con una noticia que tuvo epicentro en Espa\u00f1a, precisamente en el\u00a0<strong>Atl\u00e9tico de Madrid<\/strong>. All\u00ed la estrella mendocina sorprendi\u00f3 desde las redes sociales despidi\u00e9ndose sorpresivamente del equipo\u00a0<em>Colchonero<\/em>\u00a0espa\u00f1ol.<\/p>\n\n\n\n<p>Desde su cuenta de Instagram, la futbolista mendocina\u00a0<strong>Estefan\u00eda Banini<\/strong>, hist\u00f3rica en la selecci\u00f3n argentina y formada en el club Cementista, sorprendi\u00f3 por su adi\u00f3s al club<strong>\u00a0Atl\u00e9tico de Madrid<\/strong>, equipo al que recientemente clasific\u00f3 a la\u00a0<strong>Champions League.<\/strong><\/p>\n\n\n\n<p><strong>Estefan\u00eda Banini<\/strong>&nbsp;ha pasado por distintos clubes desde que comenz\u00f3 a jugar en Mendoza con Las Pumas, y luego salt\u00f3 al Colo Colo chileno, Boca, es una referente en la<strong>&nbsp;Selecci\u00f3n argentina<\/strong>, y luego desembarc\u00f3 en el&nbsp;<em>Colchonero&nbsp;<\/em>madrile\u00f1o. La desvinculaci\u00f3n con el club fue oficialmente pactada el mi\u00e9rcoles pasado.<\/p>\n\n\n\n<h2 class=\"wp-block-heading\">La carta de despedida de Estefan\u00eda Banini<\/h2>\n\n\n\n<p>&#8220;Escribo estas l\u00edneas para anunciar que hoy se termina mi camino en el Atl\u00e9tico de Madrid.<\/p>\n\n\n\n<p>Primero de todo me gustar\u00eda decirles que me siento muy orgullosa de haber formado parte de este gran club.<\/p>\n\n\n\n<p>GRACIAS por haberme dado la oportunidad de representar y defender estos colores.<\/p>\n\n\n\n<p>GRACIAS a todas las compa\u00f1eras que he tenido a lo largo de estas 3 temporadas por haber compartido sue\u00f1os e ilusiones.<\/p>\n\n\n\n<p>GRACIAS a los diferentes staffs que he tenido por ayudarme a mejorar como deportista y empujarme a crecer.<\/p>\n\n\n\n<p>GRACIAS a todo el personal que trabaja en el club y que hacen que nuestro d\u00eda a d\u00eda sea m\u00e1s f\u00e1cil y lindo.<\/p>\n\n\n\n<p>MUCH\u00cdSIMAS GRACIAS a la afici\u00f3n por abrazarme, apoyarme y por hacer que me sienta identificada con los valores que tiene esta gran familia. Aunque me hubiese encantado despedirme de todos ustedes de una manera m\u00e1s cercana, creerme cuando les digo que me hicieron sentir que esta tambi\u00e9n era mi casa.<\/p>\n\n\n\n<p>Por \u00faltimo, quiero agradecer a mi FAMILIA Y AMIGXS por estar siempre a mi lado y acompa\u00f1arme en este sue\u00f1o.<\/p>\n\n\n\n<p>A\u00daPA ATLETI&#8221;, concluy\u00f3 Banini.<\/p>\n\n\n\n<p><strong>Fuente: www.diariouno.com.ar<\/strong><\/p>\n","protected":false},"excerpt":{"rendered":"<p>Estefan\u00eda Banini\u00a0sacudi\u00f3 esta semana al ambiente del internacional femenino, con una noticia que tuvo epicentro en Espa\u00f1a, precisamente en el\u00a0Atl\u00e9tico de Madrid. All\u00ed la estrella mendocina sorprendi\u00f3 desde las redes sociales despidi\u00e9ndose sorpresivamente del equipo\u00a0Colchonero\u00a0espa\u00f1ol. Desde su cuenta de Instagram, la futbolista mendocina\u00a0Estefan\u00eda Banini, hist\u00f3rica en la selecci\u00f3n argentina y formada en el club Cementista, [&hellip;]<\/p>\n","protected":false},"author":2,"featured_media":8419,"comment_status":"open","ping_status":"open","sticky":false,"template":"","format":"standard","meta":[],"categories":[81],"tags":[],"_links":{"self":[{"href":"https:\/\/pasaenmendoza.com\/index.php?rest_route=\/wp\/v2\/posts\/8418"}],"collection":[{"href":"https:\/\/pasaenmendoza.com\/index.php?rest_route=\/wp\/v2\/posts"}],"about":[{"href":"https:\/\/pasaenmendoza.com\/index.php?rest_route=\/wp\/v2\/types\/post"}],"author":[{"embeddable":true,"href":"https:\/\/pasaenmendoza.com\/index.php?rest_route=\/wp\/v2\/users\/2"}],"replies":[{"embeddable":true,"href":"https:\/\/pasaenmendoza.com\/index.php?rest_route=%2Fwp%2Fv2%2Fcomments&post=8418"}],"version-history":[{"count":1,"href":"https:\/\/pasaenmendoza.com\/index.php?rest_route=\/wp\/v2\/posts\/8418\/revisions"}],"predecessor-version":[{"id":8420,"href":"https:\/\/pasaenmendoza.com\/index.php?rest_route=\/wp\/v2\/posts\/8418\/revisions\/8420"}],"wp:featuredmedia":[{"embeddable":true,"href":"https:\/\/pasaenmendoza.com\/index.php?rest_route=\/wp\/v2\/media\/8419"}],"wp:attachment":[{"href":"https:\/\/pasaenmendoza.com\/index.php?rest_route=%2Fwp%2Fv2%2Fmedia&parent=8418"}],"wp:term":[{"taxonomy":"category","embeddable":true,"href":"https:\/\/pasaenmendoza.com\/index.php?rest_route=%2Fwp%2Fv2%2Fcategories&post=8418"},{"taxonomy":"post_tag","embeddable":true,"href":"https:\/\/pasaenmendoza.com\/index.php?rest_route=%2Fwp%2Fv2%2Ftags&post=8418"}],"curies":[{"name":"wp","href":"https:\/\/api.w.org\/{rel}","templated":true}]}}