{"id":842,"date":"2023-08-22T14:45:53","date_gmt":"2023-08-22T12:45:53","guid":{"rendered":"https:\/\/pasaenmendoza.com\/?p=842"},"modified":"2023-08-22T14:45:54","modified_gmt":"2023-08-22T12:45:54","slug":"la-campana-del-miedo-de-un-lider-sindical-a-favor-de-omar-de-marchi","status":"publish","type":"post","link":"https:\/\/pasaenmendoza.com\/?p=842","title":{"rendered":"La &#8220;campa\u00f1a del miedo&#8221; de un l\u00edder sindical a favor de Omar De Marchi"},"content":{"rendered":"\n<p> El candidato a gobernador de La Uni\u00f3n Mendocina cuenta en sus listas con l\u00edderes sindicales del PJ. As\u00ed pide el voto uno de ellos.<\/p>\n\n\n\n<p>La\u00a0<strong>pata gremial del peronismo<\/strong>\u00a0ha estado totalmente ausente durante la campa\u00f1a 2023, o al menos eso parec\u00eda: si bien ha sido nula la participaci\u00f3n a favor de la f\u00f3rmula Omar Parisi-Lucas Ilardo,\u00a0<strong>se han activado a favor de la candidatura de Omar De Marchi.<\/strong><\/p>\n\n\n\n<p>Ya desde 2021, De Marchi mantuvo algunas reuniones con sindicatos y se &#8220;col\u00f3&#8221; en alg\u00fan mit\u00edn de la\u00a0<strong>CGT mendocina<\/strong>. Ahora, adem\u00e1s de blanquear la participaci\u00f3n de hist\u00f3rico gremialistas a La Uni\u00f3n Mendocina, como Jos\u00e9 &#8220;Pepe&#8221; Escoda, hay otros que militan a su favor sin mucho ruido.<\/p>\n\n\n\n<p>El caso de otro hist\u00f3rico gremialista del PJ mendocino:\u00a0<strong>Claudio D\u00edaz,<\/strong>\u00a0exlegislador y m\u00e1ximo referente de los empleados de Vialidad. En estos d\u00edas, envi\u00f3 a los trabajadores del sector un mensaje &#8220;sugiriendo&#8221; el voto a De Marchi con una fuerte advertencia.<\/p>\n\n\n\n<p><strong>D\u00edaz<\/strong>&nbsp;es el mismo sindicalista que en 2019 bastarde\u00f3 la labor period\u00edstica, ya que los trabajadores de prensa mentir\u00edan a favor de determinados intereses. Es la misma persona la que en ese mensaje enviado a los empleados de Vialidad cre\u00f3 un&nbsp;<strong>fake news como parte de una campa\u00f1a del miedo<\/strong>.<\/p>\n\n\n\n<p>Palabras m\u00e1s, palabras menos,&nbsp;<strong>D\u00edaz les dijo a los empleados de la Vialidad que hay que votar a la f\u00f3rmula De Marchi-Orozco porque Alfredo Cornejo va a cerrar la Direcci\u00f3n Provincial de Vialidad<\/strong>, cuando no ha habido manifestaci\u00f3n alguna de ning\u00fan candidato en este sentido.<\/p>\n\n\n\n<p>&#8220;La gesti\u00f3n que llev\u00f3 adelante la anterior a esta, la del viejo ladr\u00f3n, amerita tener que recurrir a todos los viales de la provincia para que se sumen a la campa\u00f1a de La Uni\u00f3n Mendocina, que lleva gobernador a Omar De Marchi&#8221;, dice el mensaje que difundi\u00f3 D\u00edaz.<\/p>\n\n\n\n<p>Y agrega: &#8220;<strong>Estamos acompa\u00f1ando a Omar&nbsp;<\/strong>porque no vemos ni una sola posibilidad de que el peronismo pueda ganar la elecci\u00f3n a gobernador y ustedes saben que hoy por hoy&nbsp;<strong>si Cornejo vuelve a ser gobernador, nos cierra Vialidad<\/strong>&#8220;.<\/p>\n\n\n\n<p>Lo que no dice\u00a0<strong>D\u00edaz<\/strong>\u00a0en el mensaje es que \u00e9l mismo integra las listas de La Uni\u00f3n Mendocina, como\u00a0<strong>candidato a senador provincial<\/strong>.<\/p>\n\n\n\n<p>FUENTE: Memo.com.ar<\/p>\n","protected":false},"excerpt":{"rendered":"<p>El candidato a gobernador de La Uni\u00f3n Mendocina cuenta en sus listas con l\u00edderes sindicales del PJ. As\u00ed pide el voto uno de ellos. La\u00a0pata gremial del peronismo\u00a0ha estado totalmente ausente durante la campa\u00f1a 2023, o al menos eso parec\u00eda: si bien ha sido nula la participaci\u00f3n a favor de la f\u00f3rmula Omar Parisi-Lucas Ilardo,\u00a0se [&hellip;]<\/p>\n","protected":false},"author":2,"featured_media":843,"comment_status":"open","ping_status":"open","sticky":true,"template":"","format":"standard","meta":[],"categories":[47],"tags":[],"_links":{"self":[{"href":"https:\/\/pasaenmendoza.com\/index.php?rest_route=\/wp\/v2\/posts\/842"}],"collection":[{"href":"https:\/\/pasaenmendoza.com\/index.php?rest_route=\/wp\/v2\/posts"}],"about":[{"href":"https:\/\/pasaenmendoza.com\/index.php?rest_route=\/wp\/v2\/types\/post"}],"author":[{"embeddable":true,"href":"https:\/\/pasaenmendoza.com\/index.php?rest_route=\/wp\/v2\/users\/2"}],"replies":[{"embeddable":true,"href":"https:\/\/pasaenmendoza.com\/index.php?rest_route=%2Fwp%2Fv2%2Fcomments&post=842"}],"version-history":[{"count":1,"href":"https:\/\/pasaenmendoza.com\/index.php?rest_route=\/wp\/v2\/posts\/842\/revisions"}],"predecessor-version":[{"id":844,"href":"https:\/\/pasaenmendoza.com\/index.php?rest_route=\/wp\/v2\/posts\/842\/revisions\/844"}],"wp:featuredmedia":[{"embeddable":true,"href":"https:\/\/pasaenmendoza.com\/index.php?rest_route=\/wp\/v2\/media\/843"}],"wp:attachment":[{"href":"https:\/\/pasaenmendoza.com\/index.php?rest_route=%2Fwp%2Fv2%2Fmedia&parent=842"}],"wp:term":[{"taxonomy":"category","embeddable":true,"href":"https:\/\/pasaenmendoza.com\/index.php?rest_route=%2Fwp%2Fv2%2Fcategories&post=842"},{"taxonomy":"post_tag","embeddable":true,"href":"https:\/\/pasaenmendoza.com\/index.php?rest_route=%2Fwp%2Fv2%2Ftags&post=842"}],"curies":[{"name":"wp","href":"https:\/\/api.w.org\/{rel}","templated":true}]}}