{"id":8435,"date":"2024-07-01T23:53:31","date_gmt":"2024-07-01T21:53:31","guid":{"rendered":"https:\/\/pasaenmendoza.com\/?p=8435"},"modified":"2024-07-01T23:53:32","modified_gmt":"2024-07-01T21:53:32","slug":"choco-contra-un-micro-y-el-test-de-alcoholemia-marco-un-record-en-mendoza","status":"publish","type":"post","link":"https:\/\/pasaenmendoza.com\/?p=8435","title":{"rendered":"Choc\u00f3 contra un micro y el test de alcoholemia marc\u00f3 un r\u00e9cord en Mendoza"},"content":{"rendered":"\n<p>Un hombre de 31 a\u00f1os protagoniz\u00f3 este domingo un accidente de tr\u00e1nsito en&nbsp;<strong>Godoy Cruz<\/strong>, tras chocar con su veh\u00edculo particular contra un colectivo del Grupo 900. El hecho, que ocurri\u00f3 aproximadamente a las 20.30 bajo el puente de Acceso Sur y Sarmiento,&nbsp;<strong>rompi\u00f3 un r\u00e9cord de alcoholemia positiva en la provincia<\/strong>: el dosaje marc\u00f3 m\u00e1s de 4 gramos de alcohol en sangre, una cifra que supera m\u00e1ximo detectable por cualquier alcohol\u00edmetro.&nbsp;<\/p>\n\n\n\n<p>De acuerdo con la informaci\u00f3n oficial, un llamado al 911 alert\u00f3 sobre el accidente vial en esa zona de Godoy Cruz,&nbsp;<strong>protagonizado por un auto y un micro.<\/strong>&nbsp;Personal de Tr\u00e1nsito de la comuna que fue desplazado al lugar del hecho se vio obligado a solicitar la asistencia policial ya que el conductor del rodado menor presentaba un&nbsp;<strong>evidente estado de ebriedad.<\/strong><\/p>\n\n\n\n<p>El dosaje confirm\u00f3 la sospechas de los agentes, ya que excedi\u00f3 el l\u00edmite del alcohol\u00edmetro (<strong>m\u00e1s de 4 gramos de alcohol en sangre cuando el l\u00edmite legal para manejar en Mendoza es de 0,50 gramos<\/strong>).<\/p>\n\n\n\n<p>El accidente dej\u00f3 otro hecho destacado: en medio del paro judicial, los efectivos que participaron del operativo\u00a0<strong>no lograron comunicarse en un un primer momento con el fiscal correccional<\/strong>, por lo que realizaron las actuaciones correspondientes \u201cde oficio\u201d.<\/p>\n\n\n\n<p><strong>Fuente: www.elsol.com.ar<\/strong><\/p>\n","protected":false},"excerpt":{"rendered":"<p>Un hombre de 31 a\u00f1os protagoniz\u00f3 este domingo un accidente de tr\u00e1nsito en&nbsp;Godoy Cruz, tras chocar con su veh\u00edculo particular contra un colectivo del Grupo 900. El hecho, que ocurri\u00f3 aproximadamente a las 20.30 bajo el puente de Acceso Sur y Sarmiento,&nbsp;rompi\u00f3 un r\u00e9cord de alcoholemia positiva en la provincia: el dosaje marc\u00f3 m\u00e1s de [&hellip;]<\/p>\n","protected":false},"author":2,"featured_media":8436,"comment_status":"open","ping_status":"open","sticky":false,"template":"","format":"standard","meta":[],"categories":[48],"tags":[],"_links":{"self":[{"href":"https:\/\/pasaenmendoza.com\/index.php?rest_route=\/wp\/v2\/posts\/8435"}],"collection":[{"href":"https:\/\/pasaenmendoza.com\/index.php?rest_route=\/wp\/v2\/posts"}],"about":[{"href":"https:\/\/pasaenmendoza.com\/index.php?rest_route=\/wp\/v2\/types\/post"}],"author":[{"embeddable":true,"href":"https:\/\/pasaenmendoza.com\/index.php?rest_route=\/wp\/v2\/users\/2"}],"replies":[{"embeddable":true,"href":"https:\/\/pasaenmendoza.com\/index.php?rest_route=%2Fwp%2Fv2%2Fcomments&post=8435"}],"version-history":[{"count":1,"href":"https:\/\/pasaenmendoza.com\/index.php?rest_route=\/wp\/v2\/posts\/8435\/revisions"}],"predecessor-version":[{"id":8437,"href":"https:\/\/pasaenmendoza.com\/index.php?rest_route=\/wp\/v2\/posts\/8435\/revisions\/8437"}],"wp:featuredmedia":[{"embeddable":true,"href":"https:\/\/pasaenmendoza.com\/index.php?rest_route=\/wp\/v2\/media\/8436"}],"wp:attachment":[{"href":"https:\/\/pasaenmendoza.com\/index.php?rest_route=%2Fwp%2Fv2%2Fmedia&parent=8435"}],"wp:term":[{"taxonomy":"category","embeddable":true,"href":"https:\/\/pasaenmendoza.com\/index.php?rest_route=%2Fwp%2Fv2%2Fcategories&post=8435"},{"taxonomy":"post_tag","embeddable":true,"href":"https:\/\/pasaenmendoza.com\/index.php?rest_route=%2Fwp%2Fv2%2Ftags&post=8435"}],"curies":[{"name":"wp","href":"https:\/\/api.w.org\/{rel}","templated":true}]}}