{"id":8441,"date":"2024-07-02T14:11:26","date_gmt":"2024-07-02T12:11:26","guid":{"rendered":"https:\/\/pasaenmendoza.com\/?p=8441"},"modified":"2024-07-02T14:11:28","modified_gmt":"2024-07-02T12:11:28","slug":"el-destino-que-tendran-los-organismos-que-el-estado-mendocino-ya-no-financia","status":"publish","type":"post","link":"https:\/\/pasaenmendoza.com\/?p=8441","title":{"rendered":"El destino que tendr\u00e1n los organismos que el Estado mendocino ya no financia"},"content":{"rendered":"\n<p>El Gobierno de Alfredo Cornejo decidi\u00f3 que a partir de este lunes no financiar\u00e1 al IDR, IDC, IDITS y la lucha antigranizo. Cu\u00e1l cerrar\u00e1 y qu\u00e9 pasar\u00e1 con el resto de los entes.<\/p>\n\n\n\n<p><strong>Cornejo<\/strong>\u00a0comunic\u00f3 dos decisiones vinculadas al uso de los recursos p\u00fablicos. Por un lado, que el Estado dejar\u00e1 de financiar, desde este lunes 1 de julio, el\u00a0<strong>IDR\u00a0<\/strong>(Instituto de Desarrollo Rural), el IDITS (Instituto de Desarrollo Industrial, Tecnol\u00f3gico y Servicios) y el\u00a0IDC (Instituto de Desarrollo Comercial) que subsidi\u00f3 durante dos d\u00e9cadas. Por otro lado, tambi\u00e9n indic\u00f3 el fin de la\u00a0<strong>lucha antigranizo\u00a0<\/strong>como pol\u00edtica estatal, programa que prest\u00f3 a trav\u00e9s de la empresa estatal AEMSA. D\u00edas despu\u00e9s de esos anuncios, cada organismo ha ido tomando un rumbo diferente y hay\u00a0expectativas por lo que pueda ocurrir en los pr\u00f3ximos d\u00edas.<\/p>\n\n\n\n<p>El Estado dej\u00f3 de ser socio fundador de los tres\u00a0institutos. Por un lado, decidi\u00f3\u00a0dejar de\u00a0pagar m\u00e1s\u00a0los sueldos del\u00a0IDiTS,\u00a0desde Casa de Gobierno confiaron que\u00a0el organismo seguir\u00e1 funcionando por decisi\u00f3n de sus socios, los cuales conseguir\u00e1n sus propios recursos. Los miembros son empresas o asociaciones de empresas; adem\u00e1s, tienen una fuente de recaudaci\u00f3n que es\u00a0Puerto Seco, es decir, la zona primaria aduanera y de dep\u00f3sito fiscal\u00a0ubicada en Godoy Cruz. A pesar de esto, redujeron personal vinculado a la sede central, pero no en la zona operativa.\u00a0<\/p>\n\n\n\n<p>En tanto, el\u00a0<strong>IDR<\/strong>\u00a0est\u00e1 en un impasse. Hay una propuesta de que no sea eliminado, sino que se financie cobrando los\u00a0informes que realiza. El 10 de julio se tomar\u00e1 una decisi\u00f3n al respecto porque habr\u00e1 una asamblea. Quienes pagar\u00edan esos informes\u00a0ser\u00edan los destinatarios espec\u00edficos. Los trabajadores siguen yendo a sus puestos de trabajo: son 33.<\/p>\n\n\n\n<p>En ese sentido, desde la oposici\u00f3n legislativa, la diputada peronista Gabriela Lizana cuestion\u00f3 la decisi\u00f3n hace unos d\u00edas, porque los destinatarios no tendr\u00edan los fondos necesarios para costear el acceso a esta informaci\u00f3n. &#8220;Se trata de desfinanciar instituciones que son \u00fatiles para los sectores productivos en un momento como este donde\u00a0las alternativas de estos sectores se ven muy afectadas. Es muy grave y por eso los mismos sectores han salido a criticar la medida y a defender este tipo de institutos&#8221;, indic\u00f3 la legisladora y destac\u00f3 que &#8220;estamos\u00a0hablando de la ruralidad y de peque\u00f1os y medianos productores que no tienen los\u00a0fondos\u00a0necesarios para invertir en ayuda en t\u00e9rminos de conocimiento, de ayudas en investigaci\u00f3n, ayudas profesionales, t\u00e9cnicas. Acudir a estos a estos institutos, a estos puntos de apoyo para el sector es muy importante&#8221;.\u00a0<\/p>\n\n\n\n<p>El organismo que desapareci\u00f3\u00a0es el\u00a0IDC\u00a0(Instituto de Desarrollo Comercial) y fue tambi\u00e9n por decisi\u00f3n de sus socios. El personal, que son 8 trabajadores, ser\u00e1 despedido\u00a0e indemnizado.\u00a0El\u00a0lunes 24 de junio por la tarde, el Ministerio de\u00a0\u00a0Producci\u00f3n mocion\u00f3 la disoluci\u00f3n del organismo. Tras esa propuesta, el\u00a0directorio resolvi\u00f3\u00a0&#8220;por unanimidad&#8221; que su disoluci\u00f3n.<\/p>\n\n\n\n<p>El IDC brindaba&nbsp;asesoramiento t\u00e9cnico y capacitaci\u00f3n a comerciantes. Sus socios, adem\u00e1s del Gobierno, eran&nbsp;la&nbsp;Federaci\u00f3n Econ\u00f3mica de Mendoza,&nbsp;la UNCuyo,&nbsp;la C\u00e1mara de Comercio, Industria, Profesionales y Agropecuaria de Las Heras; el Instituto de Desarrollo Comercial (IDC), la C\u00e1mara de Comercio, Industria y Agropecuaria de San Rafael; la UCIM, la Universidad de Congreso y la C\u00e1mara de Industria y Agropecuaria General San Mart\u00edn.<\/p>\n\n\n\n<p>Por otro lado, el jueves 27 de junio\u00a0el ministro de Producci\u00f3n,\u00a0Rodolfo Vargas Arizu, confirm\u00f3 que el Gobierno ha decidido dar por terminado el sistema de<strong>\u00a0lucha antigranizo<\/strong>\u00a0a trav\u00e9s de la siembra de\u00a0yoduro de plata\u00a0con aviones.<\/p>\n\n\n\n<p>Seg\u00fan detall\u00f3 el funcionario, el Ejecutivo se retira de la lucha porque &#8220;nunca demostr\u00f3 que es efectiva&#8221;. Por lo tanto, el sistema de mitigaci\u00f3n que prestaba la empresa estatal Aeron\u00e1utica Mendoza Sociedad An\u00f3nima&nbsp;(AEMSA) est\u00e1 en duda.&nbsp;<\/p>\n\n\n\n<p>Los pilotos son 27, pero ya fueron despedidos 14. Ahora, el Gobierno deja abierta la puerta a que las aseguradoras puedan contratar el servicio de AEMSA. &#8220;El Estado deja de ser el \u00fanico cliente. Pero si las aseguradoras ofrecen a sus clientes el servicio, porque consideran que as\u00ed se cubrir\u00e1n ante siniestros, seguir\u00e1 en funcionamiento AEMSA&#8221;, dijeron a este diario desde el Ejecutivo.&nbsp;<\/p>\n\n\n\n<p>AEMSA fue creada en 2017 para abaratar costos de la lucha antigranizo. Siete a\u00f1os despu\u00e9s, el Estado dejar\u00e1 de financiar el servicio y los fondos ser\u00e1n usados para costear seguros agr\u00edcolas o mallas, a trav\u00e9s de cr\u00e9ditos para los productores.\u00a0<\/p>\n\n\n\n<p>FUENTE:MDZonline.<\/p>\n","protected":false},"excerpt":{"rendered":"<p>El Gobierno de Alfredo Cornejo decidi\u00f3 que a partir de este lunes no financiar\u00e1 al IDR, IDC, IDITS y la lucha antigranizo. Cu\u00e1l cerrar\u00e1 y qu\u00e9 pasar\u00e1 con el resto de los entes. Cornejo\u00a0comunic\u00f3 dos decisiones vinculadas al uso de los recursos p\u00fablicos. Por un lado, que el Estado dejar\u00e1 de financiar, desde este lunes [&hellip;]<\/p>\n","protected":false},"author":2,"featured_media":8442,"comment_status":"open","ping_status":"open","sticky":true,"template":"","format":"standard","meta":[],"categories":[47],"tags":[],"_links":{"self":[{"href":"https:\/\/pasaenmendoza.com\/index.php?rest_route=\/wp\/v2\/posts\/8441"}],"collection":[{"href":"https:\/\/pasaenmendoza.com\/index.php?rest_route=\/wp\/v2\/posts"}],"about":[{"href":"https:\/\/pasaenmendoza.com\/index.php?rest_route=\/wp\/v2\/types\/post"}],"author":[{"embeddable":true,"href":"https:\/\/pasaenmendoza.com\/index.php?rest_route=\/wp\/v2\/users\/2"}],"replies":[{"embeddable":true,"href":"https:\/\/pasaenmendoza.com\/index.php?rest_route=%2Fwp%2Fv2%2Fcomments&post=8441"}],"version-history":[{"count":1,"href":"https:\/\/pasaenmendoza.com\/index.php?rest_route=\/wp\/v2\/posts\/8441\/revisions"}],"predecessor-version":[{"id":8443,"href":"https:\/\/pasaenmendoza.com\/index.php?rest_route=\/wp\/v2\/posts\/8441\/revisions\/8443"}],"wp:featuredmedia":[{"embeddable":true,"href":"https:\/\/pasaenmendoza.com\/index.php?rest_route=\/wp\/v2\/media\/8442"}],"wp:attachment":[{"href":"https:\/\/pasaenmendoza.com\/index.php?rest_route=%2Fwp%2Fv2%2Fmedia&parent=8441"}],"wp:term":[{"taxonomy":"category","embeddable":true,"href":"https:\/\/pasaenmendoza.com\/index.php?rest_route=%2Fwp%2Fv2%2Fcategories&post=8441"},{"taxonomy":"post_tag","embeddable":true,"href":"https:\/\/pasaenmendoza.com\/index.php?rest_route=%2Fwp%2Fv2%2Ftags&post=8441"}],"curies":[{"name":"wp","href":"https:\/\/api.w.org\/{rel}","templated":true}]}}