{"id":8444,"date":"2024-07-02T14:16:06","date_gmt":"2024-07-02T12:16:06","guid":{"rendered":"https:\/\/pasaenmendoza.com\/?p=8444"},"modified":"2024-07-02T14:16:07","modified_gmt":"2024-07-02T12:16:07","slug":"el-gobierno-ya-analiza-los-proyectos-que-se-financiaran-con-la-plata-de-portezuelo","status":"publish","type":"post","link":"https:\/\/pasaenmendoza.com\/?p=8444","title":{"rendered":"El Gobierno ya analiza los proyectos que se financiar\u00e1n con la plata de Portezuelo"},"content":{"rendered":"\n<p>Estas iniciativas ser\u00e1n financiadas con los 1023 millones de d\u00f3lares que estaban destinados a la construcci\u00f3n de la represa hidroel\u00e9ctrica en Malarg\u00fce.<\/p>\n\n\n\n<p>La subsecretaria de Infraestructura y Desarrollo Territorial,&nbsp;<strong>Marit\u00e9 Badu\u00ed<\/strong>, explic\u00f3 que el Gobierno comenz\u00f3 la etapa de an\u00e1lisis de las iniciativas presentadas en el&nbsp;<strong>Banco de Proyectos P\u00fablicos<\/strong>. Esos proyectos<mark>&nbsp;ser\u00e1n financiados por los 1023 millones de d\u00f3lares&nbsp;<\/mark>que estaban destinados para la construcci\u00f3n de la mega obra hidroel\u00e9ctrica de&nbsp;<strong>Portezuelo del Viento<\/strong>.<\/p>\n\n\n\n<p>Previo al uso de estos fondos, el presidente&nbsp;<strong>Javier Milei<\/strong>&nbsp;deber\u00e1 autorizar la adenda que ya fue aprobada por las dos c\u00e1maras legislativas de la Provincia. La funcionaria adelant\u00f3 que este tr\u00e1mite administrativo se encuentra \u201c<em>en la etapa final<\/em>\u201d.<\/p>\n\n\n\n<p>En paralelo,\u00a0desde la cartera encabezada por Badu\u00ed est\u00e1n analizando\u00a0las m\u00e1s de 70 iniciativas presentadas en el banco de proyectos. El periodo de presentaciones de obras finaliz\u00f3 el domingo por la noche.<\/p>\n\n\n\n<p>\u201c<em>Estamos viendo aquellos que se han cargado en el Banco de Inversi\u00f3n P\u00fablica que cerr\u00f3 la carga de datos hasta este domingo. Tambi\u00e9n ha comenzado la etapa de formulaci\u00f3n del Presupuesto y por eso, estamos viendo cada proyecto presentado<\/em>\u201d, manifest\u00f3.<\/p>\n\n\n\n<p>El gobernador&nbsp;<strong>Alfredo Cornejo<\/strong>&nbsp;expres\u00f3 que las obras deber\u00e1n cumplir un requisito clave. La condici\u00f3n es que tienen que generar repagos, que cambien la matriz econ\u00f3mica de la Provincia o que sean para el mejoramiento del recurso h\u00eddrico.<\/p>\n\n\n\n<p>\u201c<em>Hay diferentes proyectos presentados, muchos de ellos son mejoramiento de instalaciones h\u00eddricas, de cloacas, de agua con fines productivos. Tambi\u00e9n otros apuntan a mejoramiento en infraestructura vial. Estamos analizando uno por uno<\/em>\u201d, afirm\u00f3 Badu\u00ed.<\/p>\n\n\n\n<p>Respecto al proceso de an\u00e1lisis, la cartera de\u00a0<strong>Infraestructura y Desarrollo Territorial\u00a0<\/strong>est\u00e1 concentrada en aquellos proyectos, que necesitan dos o tres meses previos a licitarse, y chequeando si requieren de alg\u00fan tipo de ajuste a nivel t\u00e9cnico o de pliego. Entre ellos hay documentos presentados por organismos provinciales.<\/p>\n\n\n\n<p>\u201c<em>Dentro de los proyectos presentados se encuentran iniciativas de Emesa, Aysam, del EPRE. Estamos viendo en que instancias est\u00e1n para saber si avanzamos o priorizamos otros proyectos<\/em>\u201d, subray\u00f3.<\/p>\n\n\n\n<p>Por \u00faltimo, la funcionaria se refiri\u00f3 a una obra h\u00eddrica clave para la gesti\u00f3n de Cornejo y sobre un requerimiento para que las obras logren el visto bueno. &nbsp;<\/p>\n\n\n\n<p>\u201c<em>Tambi\u00e9n hay que ver la afectaci\u00f3n de los activos, un ejemplo es El Baqueano. Es una obra que nosotros tenemos absolutamente terminada, pero falta el contrato de venta de energ\u00eda, sin eso, dif\u00edcilmente se puede terminar<\/em>\u201d, complet\u00f3 Badu\u00ed<\/p>\n\n\n\n<p>FUENTE: Elsol.com.ar <\/p>\n","protected":false},"excerpt":{"rendered":"<p>Estas iniciativas ser\u00e1n financiadas con los 1023 millones de d\u00f3lares que estaban destinados a la construcci\u00f3n de la represa hidroel\u00e9ctrica en Malarg\u00fce. La subsecretaria de Infraestructura y Desarrollo Territorial,&nbsp;Marit\u00e9 Badu\u00ed, explic\u00f3 que el Gobierno comenz\u00f3 la etapa de an\u00e1lisis de las iniciativas presentadas en el&nbsp;Banco de Proyectos P\u00fablicos. Esos proyectos&nbsp;ser\u00e1n financiados por los 1023 millones [&hellip;]<\/p>\n","protected":false},"author":2,"featured_media":8445,"comment_status":"open","ping_status":"open","sticky":true,"template":"","format":"standard","meta":[],"categories":[47],"tags":[],"_links":{"self":[{"href":"https:\/\/pasaenmendoza.com\/index.php?rest_route=\/wp\/v2\/posts\/8444"}],"collection":[{"href":"https:\/\/pasaenmendoza.com\/index.php?rest_route=\/wp\/v2\/posts"}],"about":[{"href":"https:\/\/pasaenmendoza.com\/index.php?rest_route=\/wp\/v2\/types\/post"}],"author":[{"embeddable":true,"href":"https:\/\/pasaenmendoza.com\/index.php?rest_route=\/wp\/v2\/users\/2"}],"replies":[{"embeddable":true,"href":"https:\/\/pasaenmendoza.com\/index.php?rest_route=%2Fwp%2Fv2%2Fcomments&post=8444"}],"version-history":[{"count":1,"href":"https:\/\/pasaenmendoza.com\/index.php?rest_route=\/wp\/v2\/posts\/8444\/revisions"}],"predecessor-version":[{"id":8446,"href":"https:\/\/pasaenmendoza.com\/index.php?rest_route=\/wp\/v2\/posts\/8444\/revisions\/8446"}],"wp:featuredmedia":[{"embeddable":true,"href":"https:\/\/pasaenmendoza.com\/index.php?rest_route=\/wp\/v2\/media\/8445"}],"wp:attachment":[{"href":"https:\/\/pasaenmendoza.com\/index.php?rest_route=%2Fwp%2Fv2%2Fmedia&parent=8444"}],"wp:term":[{"taxonomy":"category","embeddable":true,"href":"https:\/\/pasaenmendoza.com\/index.php?rest_route=%2Fwp%2Fv2%2Fcategories&post=8444"},{"taxonomy":"post_tag","embeddable":true,"href":"https:\/\/pasaenmendoza.com\/index.php?rest_route=%2Fwp%2Fv2%2Ftags&post=8444"}],"curies":[{"name":"wp","href":"https:\/\/api.w.org\/{rel}","templated":true}]}}