{"id":8447,"date":"2024-07-02T14:20:13","date_gmt":"2024-07-02T12:20:13","guid":{"rendered":"https:\/\/pasaenmendoza.com\/?p=8447"},"modified":"2024-07-02T14:20:14","modified_gmt":"2024-07-02T12:20:14","slug":"lourdes-arrieta-gana-terreno-y-sumo-a-una-nueva-funcionaria-cristiana-en-mendoza","status":"publish","type":"post","link":"https:\/\/pasaenmendoza.com\/?p=8447","title":{"rendered":"Lourdes Arrieta gana terreno y sum\u00f3 a una nueva funcionaria &#8220;cristiana&#8221; en Mendoza"},"content":{"rendered":"\n<p>La nueva titular de la delegaci\u00f3n local del Ministerio de Trabajo de la Naci\u00f3n es\u00a0<strong>Patricia Decon<\/strong>\u00a0y le responde pol\u00edticamente a la<strong>\u00a0diputada nacional libertaria<\/strong><\/p>\n\n\n\n<p>Luego de que pasara 5 meses ac\u00e9fala,\u00a0<strong>la delegaci\u00f3n local del Ministerio de Trabajo, Empleo y Seguridad Social ahora tiene nueva titular: se trata de la abogada Patricia Decon,<\/strong>\u00a0que\u00a0<strong>pol\u00edticamente le responde a la\u00a0diputada nacional libertaria Lourdes Arrieta.<\/strong><\/p>\n\n\n\n<p>El encargado de hacer p\u00fablica la designaci\u00f3n fue otro de los soldados de la legisladora,<strong>&nbsp;David Litvinchuk, el titular del PAMI,<\/strong>&nbsp;quien poste\u00f3 en su perfil de X una foto con Arrieta y Decon, nombr\u00e1ndola a cargo de esa delegaci\u00f3n mendocina del Ministerio de Trabajo.<\/p>\n\n\n\n<p>Esta designaci\u00f3n tambi\u00e9n viene a confirmar que Lourdes\u00a0<strong>Arrieta se consolida como la figura fuerte de La Libertad Avanza en Mendoza,<\/strong>\u00a0ya que las \u00faltimas dos designaciones de cargos nacionales en la provincia fueron de personas que se referencian con ella pol\u00edticamente.<\/p>\n\n\n\n<p>Eso se suma al respaldo que la joven legisladora tuvo de\u00a0<strong>Mart\u00edn Menem<\/strong>\u00a0y de la misma\u00a0<strong>Karina Milei<\/strong>\u00a0a la hora de pujar por el sello partidario que logr\u00f3 crear con el aval de la Justicia Federal.<\/p>\n\n\n\n<h2 class=\"wp-block-heading\">Qui\u00e9n es la nueva funcionaria de Arrieta<\/h2>\n\n\n\n<p>Del perfil de la nueva funcionaria nacional se sabe poco y nada. Seg\u00fan pudo rastrear Diario UNO,&nbsp;<strong>Decon es abogada y tiene un rol de conducci\u00f3n en una iglesia evang\u00e9lica de la zona de La Alameda en Ciudad.<\/strong><\/p>\n\n\n\n<p>De hecho, en sus redes sociales se describe como &#8220;<strong>abogada, cristiana, diplomada en Resoluci\u00f3n y Gesti\u00f3n de Conflictos y mediadora formada<\/strong>&#8220;.<\/p>\n\n\n\n<p>Ella vendr\u00e1 a<strong>&nbsp;reemplazar en el cargo a Gonzalo Navarro, quien condujera esa delegaci\u00f3n del Ministerio de Trabajo durante la gesti\u00f3n de Alberto Fern\u00e1ndez y hasta el 10 de enero pasado<\/strong>, cuando present\u00f3 su renuncia indeclinable.<\/p>\n\n\n\n<p>Desde entonces, esa delegaci\u00f3n se mantuvo&nbsp;<strong>ac\u00e9fala&nbsp;<\/strong>como tantas otras oficinas de cargos nacionales que siguen esperando que se les designe conducci\u00f3n. Tal es el caso de la delegaci\u00f3n local de&nbsp;<strong>Migraciones<\/strong>, que tambi\u00e9n contin\u00faa sin nadie a cargo.<\/p>\n\n\n\n<p>Por lo que se dice puertas adentro del Ministerio de Trabajo,<strong>\u00a0la gesti\u00f3n de Javier Milei ha decidido eliminar la Regional de Cuyo a la que le respond\u00eda el delegado de Mendoza<\/strong>, y por tanto los delegados de las tres provincias cuyanas ahora deber\u00e1n reportarle al titular de la delegaci\u00f3n Centro Norte que tiene su sede en\u00a0<strong>Corrientes<\/strong>.<\/p>\n\n\n\n<h2 class=\"wp-block-heading\">En la b\u00fasqueda de 4.000 afiliados libertarios<\/h2>\n\n\n\n<p>Luego de que se le otorgase de manera provisoria la titularidad del sello partidario de La Libertad Avanza en Mendoza, la Justicia Electoral le fij\u00f3 a Lourdes Arrieta 150 d\u00edas para acreditar las&nbsp;<strong>4.000 afiliaciones que requiere el proceso.<\/strong><\/p>\n\n\n\n<p>Entre tanto, la legisladora y su hermano&nbsp;<strong>Mart\u00edn Arrieta<\/strong>&nbsp;-que es el apoderado de la lista de avales que present\u00f3- deber\u00e1n responder en la causa por las&nbsp;<strong>adhesiones truchas<\/strong>&nbsp;que investiga la fiscal con competencia electoral&nbsp;<strong>Mar\u00eda Alejandra Obreg\u00f3n<\/strong>, que est\u00e1 en etapa de instrucci\u00f3n.<\/p>\n\n\n\n<p>De hecho el titular del Juzgado Federal,&nbsp;<strong>Pablo Quir\u00f3s<\/strong>, sigue atentamente esa causa, porque de ello tambi\u00e9n depender\u00e1 el reconocimiento definitivo del partido a favor de Arrieta.<\/p>\n\n\n\n<p>A mediados del mes pasado en el Bolet\u00edn Oficial de la Naci\u00f3n se public\u00f3 un edicto en el que se transcriben argumentos y resoluciones del juez Quir\u00f3s, entre ellas, la orden que dice que a los fines de obtener la personer\u00eda jur\u00eddico-pol\u00edtica en forma definitiva, la agrupaci\u00f3n tendr\u00e1 150 d\u00edas de plazo para &#8220;<strong>acreditar la afiliaci\u00f3n de 4.000 electores<\/strong>&nbsp;del Registro de este Distrito Mendoza, acompa\u00f1ando fichas de afiliaci\u00f3n con copia de los documentos c\u00edvicos de los afiliados donde conste la identidad y el domicilio, certificadas por autoridad partidaria&#8221;.<\/p>\n\n\n\n<p>Y que en 180 d\u00edas, se deber\u00e1n haber realizado &#8220;<strong>las elecciones internas<\/strong>&nbsp;para constituir las autoridades definitivas del partido&#8221;.<\/p>\n\n\n\n<p>Seg\u00fan contaron,\u00a0<strong>la diputada nacional est\u00e1 confiada en conseguir esas 4.000 afiliaciones que necesita;<\/strong>\u00a0m\u00e1s all\u00e1 de que entre ellas debe<strong>\u00a0reemplazar a casi la mitad de las adhesiones\u00a0<\/strong>que reuni\u00f3 para el reconocimiento provisorio y que son las que est\u00e1n cuestionadas por irregularidades.<\/p>\n\n\n\n<p>FUENTE: Diariouno.com.ar <\/p>\n","protected":false},"excerpt":{"rendered":"<p>La nueva titular de la delegaci\u00f3n local del Ministerio de Trabajo de la Naci\u00f3n es\u00a0Patricia Decon\u00a0y le responde pol\u00edticamente a la\u00a0diputada nacional libertaria Luego de que pasara 5 meses ac\u00e9fala,\u00a0la delegaci\u00f3n local del Ministerio de Trabajo, Empleo y Seguridad Social ahora tiene nueva titular: se trata de la abogada Patricia Decon,\u00a0que\u00a0pol\u00edticamente le responde a la\u00a0diputada [&hellip;]<\/p>\n","protected":false},"author":2,"featured_media":8448,"comment_status":"open","ping_status":"open","sticky":true,"template":"","format":"standard","meta":[],"categories":[47],"tags":[],"_links":{"self":[{"href":"https:\/\/pasaenmendoza.com\/index.php?rest_route=\/wp\/v2\/posts\/8447"}],"collection":[{"href":"https:\/\/pasaenmendoza.com\/index.php?rest_route=\/wp\/v2\/posts"}],"about":[{"href":"https:\/\/pasaenmendoza.com\/index.php?rest_route=\/wp\/v2\/types\/post"}],"author":[{"embeddable":true,"href":"https:\/\/pasaenmendoza.com\/index.php?rest_route=\/wp\/v2\/users\/2"}],"replies":[{"embeddable":true,"href":"https:\/\/pasaenmendoza.com\/index.php?rest_route=%2Fwp%2Fv2%2Fcomments&post=8447"}],"version-history":[{"count":1,"href":"https:\/\/pasaenmendoza.com\/index.php?rest_route=\/wp\/v2\/posts\/8447\/revisions"}],"predecessor-version":[{"id":8449,"href":"https:\/\/pasaenmendoza.com\/index.php?rest_route=\/wp\/v2\/posts\/8447\/revisions\/8449"}],"wp:featuredmedia":[{"embeddable":true,"href":"https:\/\/pasaenmendoza.com\/index.php?rest_route=\/wp\/v2\/media\/8448"}],"wp:attachment":[{"href":"https:\/\/pasaenmendoza.com\/index.php?rest_route=%2Fwp%2Fv2%2Fmedia&parent=8447"}],"wp:term":[{"taxonomy":"category","embeddable":true,"href":"https:\/\/pasaenmendoza.com\/index.php?rest_route=%2Fwp%2Fv2%2Fcategories&post=8447"},{"taxonomy":"post_tag","embeddable":true,"href":"https:\/\/pasaenmendoza.com\/index.php?rest_route=%2Fwp%2Fv2%2Ftags&post=8447"}],"curies":[{"name":"wp","href":"https:\/\/api.w.org\/{rel}","templated":true}]}}