{"id":8450,"date":"2024-07-02T14:24:30","date_gmt":"2024-07-02T12:24:30","guid":{"rendered":"https:\/\/pasaenmendoza.com\/?p=8450"},"modified":"2024-07-02T14:24:31","modified_gmt":"2024-07-02T12:24:31","slug":"lo-presti-tiro-contra-orozco-y-dijo-que-costara-recuperar-la-confianza-del-vecino","status":"publish","type":"post","link":"https:\/\/pasaenmendoza.com\/?p=8450","title":{"rendered":"Lo Presti tir\u00f3 contra Orozco y dijo que costar\u00e1 &#8220;recuperar la confianza del vecino&#8221;"},"content":{"rendered":"\n<p>&#8220;Estamos en un proceso de mejora continua&#8221;, asegur\u00f3 este martes el intendente de\u00a0<strong>Las Heras<\/strong>,\u00a0<strong>Francisco Lo Presti<\/strong>, al realizar un balance de su gesti\u00f3n. El jefe comunal fue entrevistado en el programa &#8220;<strong>Jornada #6a7<\/strong>&#8220;, conducido por Jorge Fern\u00e1ndez Rojas.<\/p>\n\n\n\n<p><strong>Lo Presti<\/strong>\u00a0lleg\u00f3 a la Intendencia despu\u00e9s de\u00a0<strong>Daniel Orozco<\/strong>, quien actualmente est\u00e1 imputado por fraude a la administraci\u00f3n p\u00fablica, tras darse a conocer un esc\u00e1ndalo. Durante esa gesti\u00f3n,\u00a0<strong>Lo Presti\u00a0<\/strong>fue primero jefe de Gabinete, luego secretario de Gobierno, secretario de Hacienda y finalmente secretario de Obras y Servicios P\u00fablicos, antes de renunciar.<\/p>\n\n\n\n<p>Refiri\u00e9ndose a la situaci\u00f3n actual del municipio y a las consecuencias de la administraci\u00f3n anterior,\u00a0<strong>Lo Presti<\/strong>\u00a0sostuvo que &#8220;es dif\u00edcil volver a recuperar la confianza del vecino. No solamente en los servicios, que es sumamente importante, sino tambi\u00e9n respecto de la instituci\u00f3n, como esa primera instancia local que tiene el vecino para ir y poder plantear sus problemas&#8221;.<\/p>\n\n\n\n<p>&#8220;Me parece que ese trabajo se quebr\u00f3 en el&nbsp;<strong>Municipio de Las Heras<\/strong>. Eso es lo que m\u00e1s cuesta. Lo siento y veo que es un da\u00f1o que ha sido muy grave. La instituci\u00f3n ha quedado muy golpeada&#8221;, subray\u00f3 el intendente.<\/p>\n\n\n\n<p>La semana anterior, el medi\u00e1tico abogado Fernando Burlando lleg\u00f3 a Mendoza para reunirse con\u00a0<strong>Orozco<\/strong>\u00a0y<strong>\u00a0Janina Ortiz\u00a0<\/strong>y adelant\u00f3 que est\u00e1n &#8220;ultimando detalles&#8221; para hacerse cargo de su defensa, aunque todav\u00eda no asumi\u00f3 en ese rol. Consultado al respecto,<strong>\u00a0Lo Presti<\/strong>\u00a0dijo que es &#8220;una instancia m\u00e1s de una saga que parece de novela&#8221;.\u00a0<\/p>\n\n\n\n<p>&#8220;Si puede ayudar a que esto se solucione r\u00e1pidamente y&nbsp; aporta algo, bienvenido, pero me parece que la Justicia de Mendoza y las partes lo est\u00e1n haciendo bien. Siempre cualquier persona que venga a tratar de poner blanco sobre negro es importante&#8221;, destac\u00f3.<\/p>\n\n\n\n<p>&#8220;Ordenamos el municipio&#8221;<\/p>\n\n\n\n<p>Para\u00a0<strong>Lo Presti\u00a0<\/strong>entre los logros m\u00e1s importantes desde que asumi\u00f3, el 11 de diciembre, est\u00e1 la regularizaci\u00f3n de la cadena de pagos con los prvoeedores. En general, asegur\u00f3 que est\u00e1n &#8220;en un proceso de mejora continua&#8221;.<\/p>\n\n\n\n<p>&#8220;Hicimos una inversi\u00f3n importante respecto de la seguridad ciudadana. Ordenamos el municipio, lo hicimos m\u00e1s transparente a trav\u00e9s del sistema de gesti\u00f3n de expedientes digital&#8221;, destac\u00f3 adem\u00e1s el jefe comunal, adem\u00e1s de enumerar algunas obras que han emprendido. Entre ellas, la remodelaci\u00f3n del Parque Industrial, el desarrollo del metrotranv\u00eda y los bacheos.<\/p>\n\n\n\n<p>&#8220;Lo m\u00e1s dif\u00edcil de abordar es la recuperaci\u00f3n vial -indic\u00f3\u00a0<strong>Lo Presti<\/strong>-. La verdad es que el departamento tiene una situaci\u00f3n vial, en lo que tiene que ver con la reparaci\u00f3n de calzada, bastante compleja. Hay que trabajarlo para que sea de manera sostenible en el tiempo&#8221;.<\/p>\n\n\n\n<p>FUENTE: Mendozapost.<\/p>\n","protected":false},"excerpt":{"rendered":"<p>&#8220;Estamos en un proceso de mejora continua&#8221;, asegur\u00f3 este martes el intendente de\u00a0Las Heras,\u00a0Francisco Lo Presti, al realizar un balance de su gesti\u00f3n. El jefe comunal fue entrevistado en el programa &#8220;Jornada #6a7&#8220;, conducido por Jorge Fern\u00e1ndez Rojas. Lo Presti\u00a0lleg\u00f3 a la Intendencia despu\u00e9s de\u00a0Daniel Orozco, quien actualmente est\u00e1 imputado por fraude a la administraci\u00f3n [&hellip;]<\/p>\n","protected":false},"author":2,"featured_media":8451,"comment_status":"open","ping_status":"open","sticky":true,"template":"","format":"standard","meta":[],"categories":[47],"tags":[],"_links":{"self":[{"href":"https:\/\/pasaenmendoza.com\/index.php?rest_route=\/wp\/v2\/posts\/8450"}],"collection":[{"href":"https:\/\/pasaenmendoza.com\/index.php?rest_route=\/wp\/v2\/posts"}],"about":[{"href":"https:\/\/pasaenmendoza.com\/index.php?rest_route=\/wp\/v2\/types\/post"}],"author":[{"embeddable":true,"href":"https:\/\/pasaenmendoza.com\/index.php?rest_route=\/wp\/v2\/users\/2"}],"replies":[{"embeddable":true,"href":"https:\/\/pasaenmendoza.com\/index.php?rest_route=%2Fwp%2Fv2%2Fcomments&post=8450"}],"version-history":[{"count":1,"href":"https:\/\/pasaenmendoza.com\/index.php?rest_route=\/wp\/v2\/posts\/8450\/revisions"}],"predecessor-version":[{"id":8452,"href":"https:\/\/pasaenmendoza.com\/index.php?rest_route=\/wp\/v2\/posts\/8450\/revisions\/8452"}],"wp:featuredmedia":[{"embeddable":true,"href":"https:\/\/pasaenmendoza.com\/index.php?rest_route=\/wp\/v2\/media\/8451"}],"wp:attachment":[{"href":"https:\/\/pasaenmendoza.com\/index.php?rest_route=%2Fwp%2Fv2%2Fmedia&parent=8450"}],"wp:term":[{"taxonomy":"category","embeddable":true,"href":"https:\/\/pasaenmendoza.com\/index.php?rest_route=%2Fwp%2Fv2%2Fcategories&post=8450"},{"taxonomy":"post_tag","embeddable":true,"href":"https:\/\/pasaenmendoza.com\/index.php?rest_route=%2Fwp%2Fv2%2Ftags&post=8450"}],"curies":[{"name":"wp","href":"https:\/\/api.w.org\/{rel}","templated":true}]}}