{"id":8453,"date":"2024-07-03T00:08:31","date_gmt":"2024-07-02T22:08:31","guid":{"rendered":"https:\/\/pasaenmendoza.com\/?p=8453"},"modified":"2024-07-03T00:08:32","modified_gmt":"2024-07-02T22:08:32","slug":"judiciales-aceptaron-el-aumento-salarial-y-firmaran-el-acuerdo-en-paritarias-con-una-condicion","status":"publish","type":"post","link":"https:\/\/pasaenmendoza.com\/?p=8453","title":{"rendered":"Judiciales aceptaron el aumento salarial y firmar\u00e1n el acuerdo en paritarias con una condici\u00f3n"},"content":{"rendered":"\n<p>Finalmente y despu\u00e9s de dos meses de conflicto, el sindicato de<strong>\u00a0empleados Judiciales<\/strong> determin\u00f3 aceptar la propuesta de\u00a0<strong>aumento salarial<\/strong>\u00a0realizada por el\u00a0<strong>Poder Ejecutivo<\/strong>, pero con la\u00a0<strong>condici\u00f3n de que se les devuelvan los 17 d\u00edas descontados<\/strong>. La devoluci\u00f3n, seg\u00fan manifest\u00f3 el secretario general de Judiciales, Ricardo Babill\u00f3n, debe ser en forma inmediata.<\/p>\n\n\n\n<p>La decisi\u00f3n de aceptar el ofrecimiento fue de todos los trabajadores del sector, tanto empleados como funcionarios, quienes se reunieron en<strong>&nbsp;asambleas,<\/strong>&nbsp;entre este lunes y martes.<\/p>\n\n\n\n<p>S\u00f3lo falta sellar el acuerdo en la Subsecretar\u00eda de Trabajo, lo que se concretar\u00eda a partir de las 19 de este martes.<\/p>\n\n\n\n<h2 class=\"wp-block-heading\">Cu\u00e1l es el arreglo salarial al que llegaron los judiciales<\/h2>\n\n\n\n<p>El&nbsp;<strong>acuerdo de incremento salarial 2024 entre el Gobierno y los empleados de la Justicia<\/strong>&nbsp;implica aumentos de&nbsp;<strong>11% para abril, 11% para mayo y 11% para junio<\/strong>. El primer incremento tiene como base de c\u00e1lculo el mes de enero del 2024, mientras que el de mayo lo tiene a abril y el de junio a mayo.<\/p>\n\n\n\n<p>En cuanto a<strong>&nbsp;julio, agosto y septiembre, la propuesta es del 5% de incremento<\/strong>&nbsp;para cada uno de esos meses. Al respecto de la base de c\u00e1lculo, es id\u00e9ntica a la anterior: el primer mes se calcula en base a junio, y los otros dos en base al sueldo del mes anterior.<\/p>\n\n\n\n<p>Seg\u00fan Babill\u00f3n esto fue aceptado siempre y cuando desde el Gobierno se selle el acuerdo de devoluci\u00f3n de los d\u00edas, adem\u00e1s de otros puntos espec\u00edficos arreglados en paritarias que tienen que ver con las condiciones de trabajo.<\/p>\n\n\n\n<h2 class=\"wp-block-heading\">Qu\u00e9 requisitos pusieron los judiciales<\/h2>\n\n\n\n<p>Adem\u00e1s de la devoluci\u00f3n de los d\u00edas, los judiciales pidieron un r\u00e9gimen de trabajo con condiciones especiales para los empleados de oficinas fiscales que trabajan en los departamentos y que sea la Suprema Corte de Justicia quien regule las condiciones laborales.<\/p>\n\n\n\n<p>Principalmente, lo que pidieron los judiciales es la firma del Convenio Colectivo de Trabajo.<\/p>\n\n\n\n<p><strong>Fuente: www.diariouno.com.ar<\/strong><\/p>\n","protected":false},"excerpt":{"rendered":"<p>Finalmente y despu\u00e9s de dos meses de conflicto, el sindicato de\u00a0empleados Judiciales determin\u00f3 aceptar la propuesta de\u00a0aumento salarial\u00a0realizada por el\u00a0Poder Ejecutivo, pero con la\u00a0condici\u00f3n de que se les devuelvan los 17 d\u00edas descontados. La devoluci\u00f3n, seg\u00fan manifest\u00f3 el secretario general de Judiciales, Ricardo Babill\u00f3n, debe ser en forma inmediata. La decisi\u00f3n de aceptar el ofrecimiento [&hellip;]<\/p>\n","protected":false},"author":2,"featured_media":8454,"comment_status":"open","ping_status":"open","sticky":false,"template":"","format":"standard","meta":[],"categories":[55],"tags":[],"_links":{"self":[{"href":"https:\/\/pasaenmendoza.com\/index.php?rest_route=\/wp\/v2\/posts\/8453"}],"collection":[{"href":"https:\/\/pasaenmendoza.com\/index.php?rest_route=\/wp\/v2\/posts"}],"about":[{"href":"https:\/\/pasaenmendoza.com\/index.php?rest_route=\/wp\/v2\/types\/post"}],"author":[{"embeddable":true,"href":"https:\/\/pasaenmendoza.com\/index.php?rest_route=\/wp\/v2\/users\/2"}],"replies":[{"embeddable":true,"href":"https:\/\/pasaenmendoza.com\/index.php?rest_route=%2Fwp%2Fv2%2Fcomments&post=8453"}],"version-history":[{"count":1,"href":"https:\/\/pasaenmendoza.com\/index.php?rest_route=\/wp\/v2\/posts\/8453\/revisions"}],"predecessor-version":[{"id":8455,"href":"https:\/\/pasaenmendoza.com\/index.php?rest_route=\/wp\/v2\/posts\/8453\/revisions\/8455"}],"wp:featuredmedia":[{"embeddable":true,"href":"https:\/\/pasaenmendoza.com\/index.php?rest_route=\/wp\/v2\/media\/8454"}],"wp:attachment":[{"href":"https:\/\/pasaenmendoza.com\/index.php?rest_route=%2Fwp%2Fv2%2Fmedia&parent=8453"}],"wp:term":[{"taxonomy":"category","embeddable":true,"href":"https:\/\/pasaenmendoza.com\/index.php?rest_route=%2Fwp%2Fv2%2Fcategories&post=8453"},{"taxonomy":"post_tag","embeddable":true,"href":"https:\/\/pasaenmendoza.com\/index.php?rest_route=%2Fwp%2Fv2%2Ftags&post=8453"}],"curies":[{"name":"wp","href":"https:\/\/api.w.org\/{rel}","templated":true}]}}