{"id":8456,"date":"2024-07-03T00:13:46","date_gmt":"2024-07-02T22:13:46","guid":{"rendered":"https:\/\/pasaenmendoza.com\/?p=8456"},"modified":"2024-07-03T00:13:48","modified_gmt":"2024-07-02T22:13:48","slug":"el-ministro-de-produccion-brindo-el-detalle-de-la-letra-chica-de-los-creditos-para-malla-antigranizo","status":"publish","type":"post","link":"https:\/\/pasaenmendoza.com\/?p=8456","title":{"rendered":"El ministro de Producci\u00f3n brind\u00f3 el detalle de la letra chica de los cr\u00e9ditos para malla antigranizo"},"content":{"rendered":"\n<p>Tras el anuncio de la baja del\u00a0sistema de\u00a0<strong>lucha antigranizo<\/strong>\u00a0con aviones, el Ministerio de Producci\u00f3n oficializ\u00f3 este martes las nuevas l\u00edneas de cr\u00e9ditos para que los productores de Mendoza puedan hacerse lo antes posible de la malla antigranizo.<\/p>\n\n\n\n<p>Los&nbsp;<strong>acuerdos con el Banco Naci\u00f3n y el Banco Ciudad&nbsp;<\/strong>tambi\u00e9n tendr\u00e1n como destino la compra de equipamiento tendiente a la eficiencia energ\u00e9tica e h\u00eddrica y maquinaria agr\u00edcola.<\/p>\n\n\n\n<p>Desde el\u00a0<strong>15 de julio<\/strong>\u00a0estar\u00e1n disponibles los primeros $20.000 millones en cr\u00e9ditos del Naci\u00f3n, con una tasa\u00a0<strong>bonificada del 14% nominal anual durante los primeros tres a\u00f1os<\/strong>.<\/p>\n\n\n\n<h2 class=\"wp-block-heading\">La presentaci\u00f3n oficial de Alfredo Cornejo<\/h2>\n\n\n\n<p>El gobernador Alfredo Cornejo particip\u00f3 junto al ministro de Producci\u00f3n, Rodolfo Vargas Arizu, y el de Hacienda, V\u00edctor Fayad, del lanzamiento de los cr\u00e9ditos para productores. &#8220;Facilita la instalaci\u00f3n de malla antigranizo, la mejora de la eficiencia h\u00eddrica y\/o energ\u00e9tica, y la adquisici\u00f3n de activos fijos&#8221;, dijo Cornejo.<\/p>\n\n\n\n<p>&#8220;El primer tramo de esta operaci\u00f3n, en colaboraci\u00f3n con el Banco Naci\u00f3n, cuenta con un cupo de $20.000 millones y una tasa bonificada del 14% nominal anual durante los primeros tres a\u00f1os. Adem\u00e1s, se prev\u00e9 un segundo tramo junto al Banco Ciudad por $10.000 millones y un tercer tramo con otros bancos por el mismo monto permitiendo a los productores elegir el destino de los fondos directamente, sin intermediarios ni burocracias&#8221;, expres\u00f3 sobre los montos crediticios.<\/p>\n\n\n\n<p>&#8220;Con esta inversi\u00f3n in\u00e9dita, buscamos brindar las herramientas necesarias para que el sector productivo realice inversiones que promuevan el crecimiento y la competitividad de nuestra econom\u00eda&#8221;, afirm\u00f3 el gobernador.<\/p>\n\n\n\n<h2 class=\"wp-block-heading\">La letra chica de los cr\u00e9ditos por $40.000 millones con tasa bonificada<\/h2>\n\n\n\n<p>Los destinatarios de las l\u00edneas de cr\u00e9dito son productores agr\u00edcolas, ganaderos,<\/p>\n\n\n\n<p>y pymes de diversas actividades.<\/p>\n\n\n\n<h3 class=\"wp-block-heading\">Cr\u00e9ditos del Banco Naci\u00f3n<\/h3>\n\n\n\n<ul>\n<li>Disponibles desde el 15 de julio en todas las sucursales del Banco Naci\u00f3n.<\/li>\n\n\n\n<li>Desde el 3 de julio, se puede solicitar informaci\u00f3n en todas las sedes del FTyC.<\/li>\n\n\n\n<li>Cupo de $ 20.000 millones para cr\u00e9ditos.<\/li>\n\n\n\n<li>Tasa nominal anual bonificada del 14% (la m\u00e1s baja del mercado).<\/li>\n<\/ul>\n\n\n\n<p>Destinos del cr\u00e9dito:<\/p>\n\n\n\n<ul>\n<li>Protecci\u00f3n frente a contingencias clim\u00e1ticas: Tela o malla antigranizo.<\/li>\n\n\n\n<li>Eficiencia energ\u00e9tica: Paneles solares, instalaciones el\u00e9ctricas, otros.<\/li>\n\n\n\n<li>Eficiencia h\u00eddrica: sistemas de riego por goteo, bombas y equipamiento, otros.<\/li>\n\n\n\n<li>Activos fijos: maquinaria agr\u00edcola u otros que el productor necesite.<\/li>\n<\/ul>\n\n\n\n<h3 class=\"wp-block-heading\">Cr\u00e9ditos del Banco Ciudad<\/h3>\n\n\n\n<ul>\n<li>Cupo de $ 10.000 millones para cr\u00e9ditos.<\/li>\n\n\n\n<li>Tasa nominal anual bonificada del 19%<\/li>\n\n\n\n<li>Es el segundo tramo de la operatoria. A\u00fan no hay fecha de lanzamiento.<\/li>\n\n\n\n<li>Iguales destinos del cr\u00e9dito.<\/li>\n<\/ul>\n\n\n\n<h3 class=\"wp-block-heading\">Cr\u00e9ditos de otros bancos<\/h3>\n\n\n\n<ul>\n<li>Cupo de $ 10.000 millones para cr\u00e9ditos.<\/li>\n\n\n\n<li>Tercer tramo de la operatoria<\/li>\n\n\n\n<li>Mismos destinos del cr\u00e9dito.<\/li>\n\n\n\n<li>A partir de una licitaci\u00f3n p\u00fablica, el Gobierno de Mendoza seleccionar\u00e1 al banco, o a los bancos que ofrezcan la menor tasa de financiaci\u00f3n.<\/li>\n<\/ul>\n\n\n\n<h2 class=\"wp-block-heading\">Tasas bonificadas<\/h2>\n\n\n\n<p>El Gobierno de Mendoza a trav\u00e9s del FTyC asume:<\/p>\n\n\n\n<ul>\n<li>5 puntos porcentuales de la tasa de financiaci\u00f3n del Banco Naci\u00f3n, para un cupo de cr\u00e9ditos de $20.000 millones. El banco, por su parte, aportar\u00e1 otros 2 puntos porcentuales por ser agente financiero de la provincia. As\u00ed se logra una tasa sumamente ventajosa del 14% nominal anual.<\/li>\n\n\n\n<li>5 puntos porcentuales de la tasa de financiaci\u00f3n del Banco Ciudad, dej\u00e1ndola en 19% nominal anual, sobre un cupo de cr\u00e9ditos de $10.000 millones.<\/li>\n\n\n\n<li>5 puntos porcentuales de la tasa de financiaci\u00f3n que ofrezcan las entidades financieras de plaza, en el marco de un llamado a licitaci\u00f3n que posibilite obtener la menor tasa para beneficiar un cupo adicional de $10.000 millones.<\/li>\n<\/ul>\n\n\n\n<h2 class=\"wp-block-heading\">C\u00f3mo se puede acceder a los cr\u00e9ditos para malla antigranizo<\/h2>\n\n\n\n<p>Desde este martes se puede acceder a informaci\u00f3n sobre la operatoria y alcances para preparar la carpeta de cr\u00e9dito en el Ministerio de Producci\u00f3n (Casa de Gobierno) y en la Delegaci\u00f3n Sur (San Rafael).<\/p>\n\n\n\n<p>Desde el mi\u00e9rcoles, la informaci\u00f3n estar\u00e1 disponible en todas las oficinas del FTyC de Mendoza.<\/p>\n\n\n\n<p>En estos lugares, se asistir\u00e1 a los interesados en los tr\u00e1mites necesarios y se orientar\u00e1 en soluci\u00f3n de problemas que puedan surgir para presentarse al cr\u00e9dito, confirmaron desde el Gobierno.<\/p>\n\n\n\n<p>Para solicitar los cr\u00e9ditos, el interesado debe acercarse de manera directa a\u00a0<strong>cualquier sucursal del Banco Naci\u00f3n, a partir del 15 de julio<\/strong>.<\/p>\n\n\n\n<p><strong>Fuente: www.diariouno.com.ar<\/strong><\/p>\n","protected":false},"excerpt":{"rendered":"<p>Tras el anuncio de la baja del\u00a0sistema de\u00a0lucha antigranizo\u00a0con aviones, el Ministerio de Producci\u00f3n oficializ\u00f3 este martes las nuevas l\u00edneas de cr\u00e9ditos para que los productores de Mendoza puedan hacerse lo antes posible de la malla antigranizo. Los&nbsp;acuerdos con el Banco Naci\u00f3n y el Banco Ciudad&nbsp;tambi\u00e9n tendr\u00e1n como destino la compra de equipamiento tendiente a [&hellip;]<\/p>\n","protected":false},"author":2,"featured_media":8457,"comment_status":"open","ping_status":"open","sticky":false,"template":"","format":"standard","meta":[],"categories":[75],"tags":[],"_links":{"self":[{"href":"https:\/\/pasaenmendoza.com\/index.php?rest_route=\/wp\/v2\/posts\/8456"}],"collection":[{"href":"https:\/\/pasaenmendoza.com\/index.php?rest_route=\/wp\/v2\/posts"}],"about":[{"href":"https:\/\/pasaenmendoza.com\/index.php?rest_route=\/wp\/v2\/types\/post"}],"author":[{"embeddable":true,"href":"https:\/\/pasaenmendoza.com\/index.php?rest_route=\/wp\/v2\/users\/2"}],"replies":[{"embeddable":true,"href":"https:\/\/pasaenmendoza.com\/index.php?rest_route=%2Fwp%2Fv2%2Fcomments&post=8456"}],"version-history":[{"count":1,"href":"https:\/\/pasaenmendoza.com\/index.php?rest_route=\/wp\/v2\/posts\/8456\/revisions"}],"predecessor-version":[{"id":8458,"href":"https:\/\/pasaenmendoza.com\/index.php?rest_route=\/wp\/v2\/posts\/8456\/revisions\/8458"}],"wp:featuredmedia":[{"embeddable":true,"href":"https:\/\/pasaenmendoza.com\/index.php?rest_route=\/wp\/v2\/media\/8457"}],"wp:attachment":[{"href":"https:\/\/pasaenmendoza.com\/index.php?rest_route=%2Fwp%2Fv2%2Fmedia&parent=8456"}],"wp:term":[{"taxonomy":"category","embeddable":true,"href":"https:\/\/pasaenmendoza.com\/index.php?rest_route=%2Fwp%2Fv2%2Fcategories&post=8456"},{"taxonomy":"post_tag","embeddable":true,"href":"https:\/\/pasaenmendoza.com\/index.php?rest_route=%2Fwp%2Fv2%2Ftags&post=8456"}],"curies":[{"name":"wp","href":"https:\/\/api.w.org\/{rel}","templated":true}]}}