{"id":8463,"date":"2024-07-03T00:30:14","date_gmt":"2024-07-02T22:30:14","guid":{"rendered":"https:\/\/pasaenmendoza.com\/?p=8463"},"modified":"2024-07-03T00:30:15","modified_gmt":"2024-07-02T22:30:15","slug":"el-metrotranvia-quedo-interrumpido-desde-ciudad-hasta-las-heras-porque-se-robaron-los-cables","status":"publish","type":"post","link":"https:\/\/pasaenmendoza.com\/?p=8463","title":{"rendered":"El Metrotranv\u00eda qued\u00f3 interrumpido desde Ciudad hasta Las Heras porque se robaron los cables"},"content":{"rendered":"\n<p><strong>Durante la ma\u00f1ana de este martes se interrumpi\u00f3 el servicio de Metrotranv\u00eda\u00a0en su recorrido ida y vuelta entre la Ciudad de Mendoza y Las Heras<\/strong>. Las duplas circularon s\u00f3lo hasta y desde la Estaci\u00f3n Ciudad -en calle Belgrano y avenida Las Heras-. Cerca de las 16, el servicio fue reestablecido, seg\u00fan datos del Gobierno.<\/p>\n\n\n\n<p>Desde la empresa de transporte p\u00fablico de la provincia, STM,&nbsp;<strong>no informaron las causas que llevaron a cortar su recorrido<\/strong>, transitando s\u00f3lo desde Estaci\u00f3n Guti\u00e9rrez, en Maip\u00fa, hasta buena parte de la capital mendocina, dejando de circular por la Cuarta Secci\u00f3n y por el departamento lasherino.<\/p>\n\n\n\n<p>&#8220;Informaci\u00f3n importante. Servicio de Metrotranv\u00eda\u00a0<strong>circulando \u00fanicamente desde Estaci\u00f3n Guti\u00e9rrez a Estaci\u00f3n Mendoza<\/strong>. Informaremos cuando se restablezca el servicio a Las Heras&#8221;, publicaron en su cuenta oficial de X (ex Twitter).<\/p>\n\n\n\n<h2 class=\"wp-block-heading\">Cables robados que afectaron la circulaci\u00f3n del Metrotranv\u00eda<\/h2>\n\n\n\n<p>Sin embargo, seg\u00fan pudo observar en las calles Alvear y \u00c1lvarez de Las Heras\u00a0<strong>hab\u00eda cables cortados<\/strong>\u00a0del Metrotranv\u00eda, con lo cual no habr\u00eda podido hacer su recorrido completo debido al\u00a0<strong>robo del cableado en su tendido el\u00e9ctrico que alimenta las unidades de este transporte de pasajeros<\/strong>.<\/p>\n\n\n\n<p>El Metrotranv\u00eda<strong>\u00a0s\u00ed funcion\u00f3 con normalidad<\/strong>\u00a0<strong>de Sur a Norte y viceversa, en el resto de su recorrido<\/strong>, o sea desde la Estaci\u00f3n Guti\u00e9rrez maipucina hasta Belgrano y Las Heras de la Ciudad de Mendoza, ida y vuelta.<\/p>\n\n\n\n<p><strong>Fuente: www.diariouno.com.ar<\/strong><\/p>\n","protected":false},"excerpt":{"rendered":"<p>Durante la ma\u00f1ana de este martes se interrumpi\u00f3 el servicio de Metrotranv\u00eda\u00a0en su recorrido ida y vuelta entre la Ciudad de Mendoza y Las Heras. Las duplas circularon s\u00f3lo hasta y desde la Estaci\u00f3n Ciudad -en calle Belgrano y avenida Las Heras-. Cerca de las 16, el servicio fue reestablecido, seg\u00fan datos del Gobierno. Desde [&hellip;]<\/p>\n","protected":false},"author":2,"featured_media":8464,"comment_status":"open","ping_status":"open","sticky":false,"template":"","format":"standard","meta":[],"categories":[80],"tags":[],"_links":{"self":[{"href":"https:\/\/pasaenmendoza.com\/index.php?rest_route=\/wp\/v2\/posts\/8463"}],"collection":[{"href":"https:\/\/pasaenmendoza.com\/index.php?rest_route=\/wp\/v2\/posts"}],"about":[{"href":"https:\/\/pasaenmendoza.com\/index.php?rest_route=\/wp\/v2\/types\/post"}],"author":[{"embeddable":true,"href":"https:\/\/pasaenmendoza.com\/index.php?rest_route=\/wp\/v2\/users\/2"}],"replies":[{"embeddable":true,"href":"https:\/\/pasaenmendoza.com\/index.php?rest_route=%2Fwp%2Fv2%2Fcomments&post=8463"}],"version-history":[{"count":1,"href":"https:\/\/pasaenmendoza.com\/index.php?rest_route=\/wp\/v2\/posts\/8463\/revisions"}],"predecessor-version":[{"id":8465,"href":"https:\/\/pasaenmendoza.com\/index.php?rest_route=\/wp\/v2\/posts\/8463\/revisions\/8465"}],"wp:featuredmedia":[{"embeddable":true,"href":"https:\/\/pasaenmendoza.com\/index.php?rest_route=\/wp\/v2\/media\/8464"}],"wp:attachment":[{"href":"https:\/\/pasaenmendoza.com\/index.php?rest_route=%2Fwp%2Fv2%2Fmedia&parent=8463"}],"wp:term":[{"taxonomy":"category","embeddable":true,"href":"https:\/\/pasaenmendoza.com\/index.php?rest_route=%2Fwp%2Fv2%2Fcategories&post=8463"},{"taxonomy":"post_tag","embeddable":true,"href":"https:\/\/pasaenmendoza.com\/index.php?rest_route=%2Fwp%2Fv2%2Ftags&post=8463"}],"curies":[{"name":"wp","href":"https:\/\/api.w.org\/{rel}","templated":true}]}}