{"id":8469,"date":"2024-07-03T13:53:46","date_gmt":"2024-07-03T11:53:46","guid":{"rendered":"https:\/\/pasaenmendoza.com\/?p=8469"},"modified":"2024-07-03T13:53:47","modified_gmt":"2024-07-03T11:53:47","slug":"daniel-orozco-fernando-burlando-pases-de-magia-y-el-todo-vale","status":"publish","type":"post","link":"https:\/\/pasaenmendoza.com\/?p=8469","title":{"rendered":"Daniel Orozco, Fernando Burlando, pases de magia y el todo vale"},"content":{"rendered":"\n<p>Hasta no hace muchas semanas,&nbsp;<strong>Daniel Orozco<\/strong>&nbsp;se presentaba en algunos encuentros reservados y meticulosamente seleccionados munido de una carpeta conteniendo hojas escritas a mano, de su propia factor\u00eda y confecci\u00f3n, con la que promet\u00eda dejar a salvo su buen nombre y honor al cabo de dos gestiones al frente del Municipio de&nbsp;<strong>Las Heras.<\/strong>&nbsp;En esas hojas hab\u00eda dibujado una l\u00ednea de tiempo desde cuanto menos el 2018 hasta el fin de su mandato en diciembre del 2023. Para quien estuviese interesado, y previamente a asegurarse que su interlocutor no hab\u00eda alimentado alguna animosidad en contra suya&nbsp;<em>\u2013un asunto extra para el que se hab\u00eda tomado un tiempo prudencial hasta vencer una sospecha generalizada, obsesiva casi, sobre todos y casi todos\u2013<\/em>, el m\u00e9dico devenido en pol\u00edtico y hoy con una causa por supuesto fraude y peculado sobre sus hombros, desplegaba con una locuacidad en metralla, fechas, firmas, n\u00fameros de expedientes, cuadros, n\u00fameros y nombres&nbsp;<em>\u2013por sobre todo nombres\u2013<\/em>, de todo un proceso administrativo previo para demostrar que un ej\u00e9rcito de funcionarios menores e intervinientes de toda laya, mucho antes que \u00e9l, hab\u00edan dado el aval o visado las compras, las contrataciones y las \u00f3rdenes de pago a las cooperativas que la Justicia investiga como truchas y que habr\u00edan sido utilizadas como pantalla para el desv\u00edo de los fondos p\u00fablicos.<\/p>\n\n\n\n<p>Con la vista en la carpeta y las hojas,&nbsp;<strong>Orozco&nbsp;<\/strong>ped\u00eda especial atenci\u00f3n a su interlocutor para que siguiese su dedo \u00edndice y tomara nota del proceder, por caso, de quien fuera director de Compras durante su intendencia,&nbsp;<strong>Mauricio Valle<\/strong>; del secretario de Hacienda,&nbsp;<strong>Carlos Nofal<\/strong>; del director de Asuntos Legales,&nbsp;<strong>Mauro Homan<\/strong>; del director de Contadur\u00eda,&nbsp;<strong>Leandro Tassi<\/strong>; del subdirector,&nbsp;<strong>Javier Tol\u00edn<\/strong>&nbsp;y de la directora de Tesorer\u00eda,&nbsp;<strong>Patricia D\u00edaz<\/strong>.<\/p>\n\n\n\n<p><em>\u201c\u00bfVes lo que te digo? Todos ellos firmaron y dieron vista a cada uno de los movimientos\u2026 cuando todo eso llegaba a m\u00ed ya estaba autorizado. Era gente de mi confianza\u2026 quiz\u00e1s fui un ingenuo\u201d<\/em>, terminaba su defensa&nbsp;<strong>Orozco<\/strong>, ensayando la teor\u00eda de que fue una v\u00edctima de la pol\u00edtica y que, por enfrentar al poder de&nbsp;<strong>Alfredo Cornejo<\/strong>, por dividir Cambia Mendoza, por aliarse con&nbsp;<strong>Omar de Marchi<\/strong>&nbsp;y llegar a ser su candidato a vicegobernador en las \u00faltimas elecciones, est\u00e1 pagando semejante osad\u00eda con denuncias falsas en su contra.<\/p>\n\n\n\n<p>Esa ingenuidad de&nbsp;<strong>Orozco&nbsp;<\/strong>tambi\u00e9n se habr\u00eda manifestado en toda su espectacularidad, seg\u00fan dijo en una entrevista por LVDiez, cuando su funcionario de mayor confianza por entonces, el hoy jefe de la comuna,&nbsp;<strong>Francisco Lo Presti<\/strong>, a cargo en ese tiempo de la jefatura de Gabinete primero, luego de la Secretar\u00eda de Gobierno y m\u00e1s tarde de la de Obras y Servicios P\u00fablicos, mont\u00f3&nbsp;<em>\u201cuna municipalidad paralela\u201d<\/em>&nbsp;sin que \u00e9l se diera cuenta:&nbsp;<em>\u201cSe enriqueci\u00f3 il\u00edcitamente\u201d<\/em>, carg\u00f3 con furia&nbsp;<strong>Orozco&nbsp;<\/strong>apunt\u00e1ndole a la Justicia por no mover la denuncia que \u00e9l mismo promovi\u00f3.&nbsp;<em>\u201cA Lo Presti le di una Ferrari y la choc\u00f3\u201d<\/em>, dir\u00eda m\u00e1s tarde en la misma nota.<\/p>\n\n\n\n<p>Todo aquel grupo de ex funcionarios mencionados en la l\u00ednea de tiempo de su mandato por&nbsp;<strong>Orozco<\/strong>, fue imputado por el fiscal&nbsp;<strong>Juan Ticheli<\/strong>&nbsp;en el mismo expediente en donde a Orozco se le cambi\u00f3 la acusaci\u00f3n de fraude a peculado. En la mira est\u00e1 la creaci\u00f3n de&nbsp;<strong>cooperativas fantasmas o truchas<\/strong>&nbsp;para triangular por medio de ellas recursos que ir\u00edan a parar al beneficio personal de los ex funcionarios apuntados. Adem\u00e1s de&nbsp;<strong>Orozco<\/strong>, se suma&nbsp;<strong>Osvaldo Oyhenart<\/strong>&nbsp;como coautor y<strong>&nbsp;Hern\u00e1n Mostaccio, Juan Pandolfi, Daniel Herrera y Adri\u00e1n \u201cMoco\u201d P\u00e9rez<\/strong>&nbsp;como part\u00edcipes necesarios.<\/p>\n\n\n\n<p>Es muy probable que lo que sospecha&nbsp;<strong>Orozco<\/strong>, eso de que est\u00e1 penando una derrota pol\u00edtica por el haber puesto en riesgo el poder del oficialismo en Las Heras, dirigido a Cambia Mendoza a un cisma de proporciones y el haber buscado \u201centregar\u201d Las Heras y la provincia a manos de De Marchi, el m\u00e1ximo enemigo de Cornejo en la provincia, puede que en parte sea raz\u00f3n.&nbsp;<em>\u00bfQui\u00e9n lo podr\u00eda negar si de intereses pol\u00edticos se trata?<\/em>&nbsp;Pero a la vez, lo que tambi\u00e9n es cierto que las irregularidades que investiga la Justicia se exteriorizaron producto del enfrentamiento, empujadas por la guerra que desat\u00f3 De Marchi contra el oficialismo del que formaba parte. Cabe preguntarse, aunque nunca se tenga una respuesta satisfactoria, por la suerte de esos fraudes e irregularidades de no haberse roto nunca Cambia Mendoza.<\/p>\n\n\n\n<p>Adem\u00e1s de aquello, Orozco parece decidido a ir por todo a favor de su defensa y la de su esposa, la diputada provincial suspendida J<strong>anina Ortiz<\/strong>. Cuanto menos centelleante result\u00f3 ser la aparici\u00f3n en escena de\u00a0<strong>Fernando Burlando<\/strong>, el abogado de mayor trascendencia medi\u00e1tica del momento en el pa\u00eds, como posible representante legal de la pareja ante la Justicia. Si no es Mendoza, la causa se ir\u00e1 afuera, a la Corte quiz\u00e1s o mucho m\u00e1s all\u00e1, fuera de las fronteras del pa\u00eds, promete Orozco.<\/p>\n\n\n\n<p>La movida de convocar a&nbsp;<strong>Burlando<\/strong>, se cree, puede que apunte a frenar lo que&nbsp;<strong>Orozco&nbsp;<\/strong>considera una campa\u00f1a pol\u00edtica en su contra m\u00e1s que una investigaci\u00f3n penal con hechos cuasi evidentes que esperan por su comprobaci\u00f3n y condena. En el gobierno no disimularon la sorpresa que caus\u00f3 el medi\u00e1tico profesional, hoy abocado casi ciento por ciento a la investigaci\u00f3n de la desaparici\u00f3n de Loan, en Corrientes. Pero como parte de esa sorpresa inicial, entienden que,&nbsp;<strong>si Orozco no creyese que en verdad est\u00e1 en problemas serios frente a la Justicia, no hubiese apelado a llamar a Burlando<\/strong>. Y como una muestra m\u00e1s de que Orozco est\u00e1 en graves problemas, desde el oficialismo se divulgan las amargas reflexiones de&nbsp;<strong>Mart\u00edn Bustos<\/strong>, el que fuera secretario de Obras durante la \u00faltima parte del gobierno de Orozco en Las Heras y hasta su candidato y de La Uni\u00f3n Mendocina de De Marchi para retener el departamento, en aquellas elecciones en las que triunf\u00f3 Lo Presti.<\/p>\n\n\n\n<p><em>\u201cSos un caradura, Daniel<strong>\u00a0\u2013le escribe Bustos a Orozco\u2013<\/strong>. Un c\u00ednico. Lamento que mucha gente siga creyendo en tus mentiras. Los vas a usar hasta el final para defender tu mentira como lo hiciste conmigo\u201d.\u00a0<\/em>M\u00e1s adelante, el ex colaborador arrepentido agrega:\u00a0<em>\u201cMe junt\u00e9 con todos los empresarios y me dio verg\u00fcenza ver la deuda que hab\u00eda. Nunca quisiste blanquear nada y siendo tu candidato descubr\u00ed que eras el creador de todo el desastre que ten\u00edamos (\u2026) Tu mujer (por Janina Ortiz) hizo un desmanejo total desde que me fui de la secretar\u00eda de Gobierno. Yo tuve 14 funcionarios y jam\u00e1s saqu\u00e9 un vi\u00e1tico y ella ten\u00eda 120 y gastaban a m\u00e1s no poder en cualquier estupidez que a ella se le ocurriera. En fin, que todo salga a la luz. Y paguen el da\u00f1o que hicieron. Te gastaste 100 y te llevabas 1000 por detr\u00e1s y me lo contaron los mismos empresarios\u201d.<\/em><\/p>\n\n\n\n<p>FUENTE: Elsol.com.ar <\/p>\n","protected":false},"excerpt":{"rendered":"<p>Hasta no hace muchas semanas,&nbsp;Daniel Orozco&nbsp;se presentaba en algunos encuentros reservados y meticulosamente seleccionados munido de una carpeta conteniendo hojas escritas a mano, de su propia factor\u00eda y confecci\u00f3n, con la que promet\u00eda dejar a salvo su buen nombre y honor al cabo de dos gestiones al frente del Municipio de&nbsp;Las Heras.&nbsp;En esas hojas hab\u00eda [&hellip;]<\/p>\n","protected":false},"author":2,"featured_media":8470,"comment_status":"open","ping_status":"open","sticky":true,"template":"","format":"standard","meta":[],"categories":[47],"tags":[],"_links":{"self":[{"href":"https:\/\/pasaenmendoza.com\/index.php?rest_route=\/wp\/v2\/posts\/8469"}],"collection":[{"href":"https:\/\/pasaenmendoza.com\/index.php?rest_route=\/wp\/v2\/posts"}],"about":[{"href":"https:\/\/pasaenmendoza.com\/index.php?rest_route=\/wp\/v2\/types\/post"}],"author":[{"embeddable":true,"href":"https:\/\/pasaenmendoza.com\/index.php?rest_route=\/wp\/v2\/users\/2"}],"replies":[{"embeddable":true,"href":"https:\/\/pasaenmendoza.com\/index.php?rest_route=%2Fwp%2Fv2%2Fcomments&post=8469"}],"version-history":[{"count":1,"href":"https:\/\/pasaenmendoza.com\/index.php?rest_route=\/wp\/v2\/posts\/8469\/revisions"}],"predecessor-version":[{"id":8471,"href":"https:\/\/pasaenmendoza.com\/index.php?rest_route=\/wp\/v2\/posts\/8469\/revisions\/8471"}],"wp:featuredmedia":[{"embeddable":true,"href":"https:\/\/pasaenmendoza.com\/index.php?rest_route=\/wp\/v2\/media\/8470"}],"wp:attachment":[{"href":"https:\/\/pasaenmendoza.com\/index.php?rest_route=%2Fwp%2Fv2%2Fmedia&parent=8469"}],"wp:term":[{"taxonomy":"category","embeddable":true,"href":"https:\/\/pasaenmendoza.com\/index.php?rest_route=%2Fwp%2Fv2%2Fcategories&post=8469"},{"taxonomy":"post_tag","embeddable":true,"href":"https:\/\/pasaenmendoza.com\/index.php?rest_route=%2Fwp%2Fv2%2Ftags&post=8469"}],"curies":[{"name":"wp","href":"https:\/\/api.w.org\/{rel}","templated":true}]}}