{"id":8484,"date":"2024-07-04T00:58:29","date_gmt":"2024-07-03T22:58:29","guid":{"rendered":"https:\/\/pasaenmendoza.com\/?p=8484"},"modified":"2024-07-04T00:58:31","modified_gmt":"2024-07-03T22:58:31","slug":"capacitaciones-remuneradas-a-docentes-cuanto-cobraran-y-cuando-se-realizaran","status":"publish","type":"post","link":"https:\/\/pasaenmendoza.com\/?p=8484","title":{"rendered":"Capacitaciones remuneradas a docentes: cu\u00e1nto cobrar\u00e1n y cu\u00e1ndo se realizar\u00e1n"},"content":{"rendered":"\n<p>Con el objetivo de promover la formaci\u00f3n y mejorar las condiciones laborales docentes, la\u00a0<strong>Direcci\u00f3n General de Escuelas<\/strong>\u00a0(DGE)\u00a0dio a conocer una serie de jornadas que se realizar\u00e1n en Mendoza y que tiene por finalidad mejorar la calidad educativa.<\/p>\n\n\n\n<p><strong>La remuneraci\u00f3n por las capacitaciones ser\u00e1 de $40.000<\/strong>, pagando el 50% con la asistencia y el otro 50% con la aprobaci\u00f3n final del curso. Y&nbsp;<strong>la metodolog\u00eda de cursado ser\u00e1 los s\u00e1bados, de manera presencial y virtual,<\/strong><\/p>\n\n\n\n<p><strong>Ser\u00e1n 44.000 los cupos<\/strong>&nbsp;y las inscripciones estar\u00e1n disponibles al t\u00e9rmino del receso invernal y los interesados podr\u00e1n postularse a trav\u00e9s del GEM.<\/p>\n\n\n\n<h2 class=\"wp-block-heading\" id=\"h-detalles-de-las-capacitaciones\">Detalles de las capacitaciones<\/h2>\n\n\n\n<p>La inversi\u00f3n para el desarrollo de estas capacitaciones ser\u00e1 de un poco m\u00e1s de $2.900 millones. Los fondos, seg\u00fan explic\u00f3 el titular de la cartera,&nbsp;<strong>Tadeo Garc\u00eda Zalazar,&nbsp;<\/strong>corresponden a una parte de la deuda por el pago del Fondo de Garant\u00eda Docente, que Mendoza hab\u00eda abonado oportunamente.<\/p>\n\n\n\n<p>Garc\u00eda Zalazar dijo, adem\u00e1s, que \u201csi bien las jornadas remuneradas son optativas, en esta primera instancia estar\u00e1n disponibles 44.000 capacitaciones, luego se evaluar\u00e1n los resultados y a partir de all\u00ed, se programar\u00e1n nuevas instancias\u201d.<\/p>\n\n\n\n<p><strong>Las \u00e1reas sobre las que se realizar\u00e1n las capacitaciones son:<\/strong><\/p>\n\n\n\n<ul>\n<li><strong>\u00c1rea Lengua<\/strong>: Fluidez, comprensi\u00f3n lectora. Producci\u00f3n oral y escrita.<\/li>\n\n\n\n<li><strong>\u00c1rea Matem\u00e1tica<\/strong>: saberes priorizados a partir de los datos arrojados por la muestra realizada.<\/li>\n\n\n\n<li><strong>Alfabetizaci\u00f3n<\/strong>: destinada a inicial, primaria, secundaria y j\u00f3venes y adultos.<\/li>\n\n\n\n<li><strong>Idioma<\/strong>: servir\u00e1 como base para la presentaci\u00f3n del programa de ingl\u00e9s.<\/li>\n\n\n\n<li><strong>Tecnolog\u00eda<\/strong>: destinado a docentes de inicial y primaria.<\/li>\n<\/ul>\n\n\n\n<p>Cada una de las \u00e1reas de formaciones remuneradas tendr\u00e1 como formato dos etapas. La primera, por medio de la participaci\u00f3n presencial de los docentes en encuentros organizados en todo el territorio de la provincia.<\/p>\n\n\n\n<p>La segunda etapa, v\u00eda plataforma Escuela Digital Mendoza, donde deber\u00e1n subir las actividades generadas a partir de la formaci\u00f3n y los resultados obtenidos con sus estudiantes.<\/p>\n\n\n\n<p><strong>Fuente: www.elsol.com.ar<\/strong><\/p>\n","protected":false},"excerpt":{"rendered":"<p>Con el objetivo de promover la formaci\u00f3n y mejorar las condiciones laborales docentes, la\u00a0Direcci\u00f3n General de Escuelas\u00a0(DGE)\u00a0dio a conocer una serie de jornadas que se realizar\u00e1n en Mendoza y que tiene por finalidad mejorar la calidad educativa. La remuneraci\u00f3n por las capacitaciones ser\u00e1 de $40.000, pagando el 50% con la asistencia y el otro 50% [&hellip;]<\/p>\n","protected":false},"author":2,"featured_media":8485,"comment_status":"open","ping_status":"open","sticky":false,"template":"","format":"standard","meta":[],"categories":[56],"tags":[],"_links":{"self":[{"href":"https:\/\/pasaenmendoza.com\/index.php?rest_route=\/wp\/v2\/posts\/8484"}],"collection":[{"href":"https:\/\/pasaenmendoza.com\/index.php?rest_route=\/wp\/v2\/posts"}],"about":[{"href":"https:\/\/pasaenmendoza.com\/index.php?rest_route=\/wp\/v2\/types\/post"}],"author":[{"embeddable":true,"href":"https:\/\/pasaenmendoza.com\/index.php?rest_route=\/wp\/v2\/users\/2"}],"replies":[{"embeddable":true,"href":"https:\/\/pasaenmendoza.com\/index.php?rest_route=%2Fwp%2Fv2%2Fcomments&post=8484"}],"version-history":[{"count":1,"href":"https:\/\/pasaenmendoza.com\/index.php?rest_route=\/wp\/v2\/posts\/8484\/revisions"}],"predecessor-version":[{"id":8486,"href":"https:\/\/pasaenmendoza.com\/index.php?rest_route=\/wp\/v2\/posts\/8484\/revisions\/8486"}],"wp:featuredmedia":[{"embeddable":true,"href":"https:\/\/pasaenmendoza.com\/index.php?rest_route=\/wp\/v2\/media\/8485"}],"wp:attachment":[{"href":"https:\/\/pasaenmendoza.com\/index.php?rest_route=%2Fwp%2Fv2%2Fmedia&parent=8484"}],"wp:term":[{"taxonomy":"category","embeddable":true,"href":"https:\/\/pasaenmendoza.com\/index.php?rest_route=%2Fwp%2Fv2%2Fcategories&post=8484"},{"taxonomy":"post_tag","embeddable":true,"href":"https:\/\/pasaenmendoza.com\/index.php?rest_route=%2Fwp%2Fv2%2Ftags&post=8484"}],"curies":[{"name":"wp","href":"https:\/\/api.w.org\/{rel}","templated":true}]}}