{"id":8494,"date":"2024-07-04T23:13:34","date_gmt":"2024-07-04T21:13:34","guid":{"rendered":"https:\/\/pasaenmendoza.com\/?p=8494"},"modified":"2024-07-04T23:13:35","modified_gmt":"2024-07-04T21:13:35","slug":"juan-martin-del-potro-revelo-su-secreto-mejor-guardado-en-mendoza-resiliencia","status":"publish","type":"post","link":"https:\/\/pasaenmendoza.com\/?p=8494","title":{"rendered":"Juan Mart\u00edn Del Potro revel\u00f3 su secreto mejor guardado en Mendoza: Resiliencia"},"content":{"rendered":"\n<p>La semana pasada<strong>\u00a0Juan Mart\u00edn Del Potro<\/strong>\u00a0hizo un viaje\u00a0<strong>a Mendoza<\/strong>\u00a0que mantuvo en secreto hasta revelar el lanzamiento de su nuevo emprendimiento:\u00a0<strong>Resiliencia, un vino de alta gama<\/strong>\u00a0elaborado en la provincia.<\/p>\n\n\n\n<p>El ex tenista lleg\u00f3 a Mendoza para involucrarse de manera directa en la actividad vitivin\u00edcola porque en breve lanzar\u00e1 su propio vino:\u00a0<strong>Juan Mart\u00edn Del Potro Resiliencia.<\/strong><\/p>\n\n\n\n<p>Delpo, de 35 a\u00f1os, retirado hace dos temporadas, y ganador del&nbsp;<strong>US Open, la Copa Davis y dos medallas en los Juegos Ol\u00edmpicos<\/strong>, entre otros t\u00edtulos, decidi\u00f3 encarar este nuevo desaf\u00edo junto a&nbsp;<strong>Andes Growers,<\/strong>&nbsp;en el que el dise\u00f1o de la etiqueta es de la dise\u00f1adora Estefan\u00eda Abraham y retratado por Estudio Fiki.<\/p>\n\n\n\n<p>Del Potro tuvo dos jornadas de intenso trabajo para conocer los pasos de la producci\u00f3n, visitando a proveedores, capacit\u00e1ndose y definiendo los productos que se utilizar\u00e1n en sus vinos, para luego en la\u00a0<strong>Bodega Puerta de los Andes<\/strong>\u00a0definir el corte del mismo.<\/p>\n\n\n\n<p>Juan Mart\u00edn arranc\u00f3 por&nbsp;<strong>Grupo Altasur<\/strong>, representantes en Sudam\u00e9rica de Diam (tapones de corcho), luego visit\u00f3&nbsp;<strong>Altieri&nbsp;<\/strong>(c\u00e1psulas para vinos y espumantes) y&nbsp;<strong>Palero Impresores,<\/strong>&nbsp;una empresa muy posicionada en la confecci\u00f3n de etiquetas.<\/p>\n\n\n\n<p>Al d\u00eda siguiente, Delpo visit\u00f3 la Bodega Puerta de los Andes, en Perdriel, donde junto a<strong>&nbsp;Jonathan Tari<\/strong>, de Andes Growers, y&nbsp;<strong>Guillermo Boito,<\/strong>&nbsp;de la bodega, y recibi\u00f3 una capacitaci\u00f3n del en\u00f3logo&nbsp;<strong>Rolando Lazzarotti,<\/strong>&nbsp;responsable t\u00e9cnico de sus vinos,<\/p>\n\n\n\n<h2 class=\"wp-block-heading\">C\u00f3mo ser\u00e1 Juan Mart\u00edn Del Potro Resiliencia<\/h2>\n\n\n\n<p>El vino ser\u00e1\u00a0<strong>un blend de Malbec de diferentes terroirs,<\/strong>\u00a0provenientes de Gualtallary, El Cepillo, Chacras de Coria, entre otras zonas, estibados en roble franc\u00e9s de primero y segundo uso, y un porcentaje de la cosecha 2024 sin madera, vino que apuntar\u00e1 a un segmento Premium. La l\u00ednea se completar\u00e1 con\u00a0<strong>un espumante, compuesto por Chardonnay y Pinot Noir.<\/strong><\/p>\n\n\n\n<p><strong>&#8220;Vine a Mendoza para definir diferentes aspectos de la producci\u00f3n&nbsp;<\/strong>y la evoluci\u00f3n de mi vino. La idea del vino surge hace ya tiempo y no lo hice antes por el tenis, y tampoco ten\u00eda tiempo de involucrarme de lleno como lo estoy haciendo ahora. Es un momento ideal para dar este nuevo paso y tambi\u00e9n disfrutar algo nuevo para m\u00ed&#8221;, cont\u00f3 el ex top ten.<\/p>\n\n\n\n<p><strong>&#8220;Hay una asociatividad con la gente de Andes Growers<\/strong>&nbsp;-sostuvo Del Potro- y son los que me empujaron a que este proyecto se pueda hacer y fue muy importante para tomar la decisi\u00f3n de poder encarar este desaf\u00edo con muchas ganas de que esto salga de Argentina para el mundo&#8221;, agreg\u00f3 Del Potro.<\/p>\n\n\n\n<p>En relaci\u00f3n al nombre que identificar\u00e1 su vino, Juan Mart\u00edn sostuvo: &#8220;Al nombre se lleg\u00f3 con\u00a0<strong>esta palabra que me identifica bastante y y creo que puede impactar<\/strong>, porque fue algo que pas\u00f3 durante toda mi carrera, que es un poco la vida misma. Encontramos muchas cosas en com\u00fan entre la palabra resiliencia, mi nombre, mi carrera y la idea es poder reflejarla en el vino&#8221;.<\/p>\n\n\n\n<h2 class=\"wp-block-heading\">Andes Growers y otras figuras del deporte<\/h2>\n\n\n\n<p>En materia de vincular a ex deportistas con el vino, Andes Growers se asoci\u00f3 con&nbsp;<strong>Mario Kempes y Ubaldo Fillol&nbsp;<\/strong>y ahora con Juan Mart\u00edn Del Potro.<\/p>\n\n\n\n<p>Al respecto, Jonathan Tari -CEO de Andes Growers- afirm\u00f3 que \u201cesperamos tener gran repercusi\u00f3n por parte del&nbsp;<strong>p\u00fablico amante del tenis, de la carrera de Juan Mart\u00edn y del buen vino<\/strong>. Juan es una persona muy querida y tenemos el privilegio de que est\u00e9 trabajando en todo el proceso de producci\u00f3n\u201d.<\/p>\n\n\n\n<p>\u201cResiliencia\u201d se pueden adquirir llamando a 2613393856 o bien escribiendo a\u00a0contacto@andesgrowers.com.<\/p>\n\n\n\n<p><strong>Fuente: www.diariouno.com.ar<\/strong><\/p>\n","protected":false},"excerpt":{"rendered":"<p>La semana pasada\u00a0Juan Mart\u00edn Del Potro\u00a0hizo un viaje\u00a0a Mendoza\u00a0que mantuvo en secreto hasta revelar el lanzamiento de su nuevo emprendimiento:\u00a0Resiliencia, un vino de alta gama\u00a0elaborado en la provincia. El ex tenista lleg\u00f3 a Mendoza para involucrarse de manera directa en la actividad vitivin\u00edcola porque en breve lanzar\u00e1 su propio vino:\u00a0Juan Mart\u00edn Del Potro Resiliencia. Delpo, [&hellip;]<\/p>\n","protected":false},"author":2,"featured_media":8495,"comment_status":"open","ping_status":"open","sticky":false,"template":"","format":"standard","meta":[],"categories":[50],"tags":[],"_links":{"self":[{"href":"https:\/\/pasaenmendoza.com\/index.php?rest_route=\/wp\/v2\/posts\/8494"}],"collection":[{"href":"https:\/\/pasaenmendoza.com\/index.php?rest_route=\/wp\/v2\/posts"}],"about":[{"href":"https:\/\/pasaenmendoza.com\/index.php?rest_route=\/wp\/v2\/types\/post"}],"author":[{"embeddable":true,"href":"https:\/\/pasaenmendoza.com\/index.php?rest_route=\/wp\/v2\/users\/2"}],"replies":[{"embeddable":true,"href":"https:\/\/pasaenmendoza.com\/index.php?rest_route=%2Fwp%2Fv2%2Fcomments&post=8494"}],"version-history":[{"count":1,"href":"https:\/\/pasaenmendoza.com\/index.php?rest_route=\/wp\/v2\/posts\/8494\/revisions"}],"predecessor-version":[{"id":8496,"href":"https:\/\/pasaenmendoza.com\/index.php?rest_route=\/wp\/v2\/posts\/8494\/revisions\/8496"}],"wp:featuredmedia":[{"embeddable":true,"href":"https:\/\/pasaenmendoza.com\/index.php?rest_route=\/wp\/v2\/media\/8495"}],"wp:attachment":[{"href":"https:\/\/pasaenmendoza.com\/index.php?rest_route=%2Fwp%2Fv2%2Fmedia&parent=8494"}],"wp:term":[{"taxonomy":"category","embeddable":true,"href":"https:\/\/pasaenmendoza.com\/index.php?rest_route=%2Fwp%2Fv2%2Fcategories&post=8494"},{"taxonomy":"post_tag","embeddable":true,"href":"https:\/\/pasaenmendoza.com\/index.php?rest_route=%2Fwp%2Fv2%2Ftags&post=8494"}],"curies":[{"name":"wp","href":"https:\/\/api.w.org\/{rel}","templated":true}]}}