{"id":8497,"date":"2024-07-04T23:20:24","date_gmt":"2024-07-04T21:20:24","guid":{"rendered":"https:\/\/pasaenmendoza.com\/?p=8497"},"modified":"2024-07-04T23:20:25","modified_gmt":"2024-07-04T21:20:25","slug":"francia-llego-a-mendoza-y-anuncio-el-equipo-para-jugar-con-los-pumas-en-el-malvinas","status":"publish","type":"post","link":"https:\/\/pasaenmendoza.com\/?p=8497","title":{"rendered":"Francia lleg\u00f3 a Mendoza y anunci\u00f3 el equipo para jugar con Los Pumas en el Malvinas"},"content":{"rendered":"\n<p><strong>Francia<\/strong>&nbsp;confirm\u00f3 este jueves, tras instalarse en Mendoza, el equipo para el duelo frente a&nbsp;<strong>Los Pumas&nbsp;<\/strong>del pr\u00f3ximo s\u00e1bado en el Estadio Malvinas Argentinas.<\/p>\n\n\n\n<p>El head coach Fabien Galthi\u00e9 decidi\u00f3 que\u00a0<strong>L\u00e9o Barr\u00e9<\/strong>, de Stade Francais, juegue de fullback, posici\u00f3n en la que debut\u00f3 en el Seis Naciones y los wines ser\u00e1n\u00a0<strong>Lester Etien y Th\u00e9o Attissogbhe<\/strong>, otra de las revelaciones de la pasada temporada.<\/p>\n\n\n\n<p>En el centro debutar\u00e1&nbsp;<strong>Antoine Frisch<\/strong>, nuevo fichaje del Toulon, y la pareja de medios ser\u00e1 formada por&nbsp;<strong>Baptiste Serin&nbsp;<\/strong>(capit\u00e1n) y&nbsp;<strong>Antoine Hastoy<\/strong>, figura de La Rochelle.<\/p>\n\n\n\n<p>Por su parte, en el pack de forwards,<strong>\u00a0Jean-Baptiste Gros<\/strong>\u00a0volver\u00e1 a la titularidad tras una lesi\u00f3n y formar\u00e1 la primera l\u00ednea junto a\u00a0<strong>Georges-Henri Colombe y Ga\u00ebtan Barlot.<\/strong><\/p>\n\n\n\n<p>Ya en la segunda l\u00ednea,&nbsp;<strong>Baptiste Pesenti&nbsp;<\/strong>har\u00e1 su regreso junto a&nbsp;<strong>Hugo Auradou<\/strong>&nbsp;y por \u00faltimo,&nbsp;<strong>Judicael Cancoriet,<\/strong>&nbsp;ser\u00e1 titular en la tercera l\u00ednea tras 6 a\u00f1os de ausencia, acompa\u00f1ado de&nbsp;<strong>Oscar Jegou y Jordan Joseph<\/strong>, de Racing 92.<\/p>\n\n\n\n<p>Entre los suplentes se destacan los mundialistas<strong>\u00a0Couilloud y Jaminet<\/strong>, adem\u00e1s del joven\u00a0<strong>Posolo Tuilagi,<\/strong>\u00a0de 19 a\u00f1os y 150 kilos.<\/p>\n\n\n\n<h2 class=\"wp-block-heading\">El equipo de Francia para jugar con Los Pumas<\/h2>\n\n\n\n<p>1. Jean-Baptiste Gros, 2. Ga\u00ebtan Barlot, 3. Georges-Henri Colombe, 4. Hugo Auradou, 5. Baptiste Pesenti, 6. Judica\u00ebl Cancoriet, 7. Oscar Jegou, 8. Jordan Joseph, 9. Baptiste Serin (C), 10. Antoine Hastoy, 11. Lester Etien, 12. Antoine Frisch, 13. \u00c9milien Gailleton, 14. Th\u00e9o Attissogbe, 15. L\u00e9o Barr\u00e9.<\/p>\n\n\n\n<p><strong>Suplentes:<\/strong>\u00a016. Teddy Baubigny, 17. S\u00e9bastian Taofifenua, 18. Demba Bamba, 19. Posolo Tuilagi, 20. Micka\u00ebl Guillard, 21. Lenni Nouchi, 22. Baptiste Couilloud, 23. Melvyn Jaminet.<\/p>\n\n\n\n<p><strong>Fuente: www.diariouno.com.ar<\/strong><\/p>\n","protected":false},"excerpt":{"rendered":"<p>Francia&nbsp;confirm\u00f3 este jueves, tras instalarse en Mendoza, el equipo para el duelo frente a&nbsp;Los Pumas&nbsp;del pr\u00f3ximo s\u00e1bado en el Estadio Malvinas Argentinas. El head coach Fabien Galthi\u00e9 decidi\u00f3 que\u00a0L\u00e9o Barr\u00e9, de Stade Francais, juegue de fullback, posici\u00f3n en la que debut\u00f3 en el Seis Naciones y los wines ser\u00e1n\u00a0Lester Etien y Th\u00e9o Attissogbhe, otra de [&hellip;]<\/p>\n","protected":false},"author":2,"featured_media":8498,"comment_status":"open","ping_status":"open","sticky":false,"template":"","format":"standard","meta":[],"categories":[81],"tags":[],"_links":{"self":[{"href":"https:\/\/pasaenmendoza.com\/index.php?rest_route=\/wp\/v2\/posts\/8497"}],"collection":[{"href":"https:\/\/pasaenmendoza.com\/index.php?rest_route=\/wp\/v2\/posts"}],"about":[{"href":"https:\/\/pasaenmendoza.com\/index.php?rest_route=\/wp\/v2\/types\/post"}],"author":[{"embeddable":true,"href":"https:\/\/pasaenmendoza.com\/index.php?rest_route=\/wp\/v2\/users\/2"}],"replies":[{"embeddable":true,"href":"https:\/\/pasaenmendoza.com\/index.php?rest_route=%2Fwp%2Fv2%2Fcomments&post=8497"}],"version-history":[{"count":1,"href":"https:\/\/pasaenmendoza.com\/index.php?rest_route=\/wp\/v2\/posts\/8497\/revisions"}],"predecessor-version":[{"id":8499,"href":"https:\/\/pasaenmendoza.com\/index.php?rest_route=\/wp\/v2\/posts\/8497\/revisions\/8499"}],"wp:featuredmedia":[{"embeddable":true,"href":"https:\/\/pasaenmendoza.com\/index.php?rest_route=\/wp\/v2\/media\/8498"}],"wp:attachment":[{"href":"https:\/\/pasaenmendoza.com\/index.php?rest_route=%2Fwp%2Fv2%2Fmedia&parent=8497"}],"wp:term":[{"taxonomy":"category","embeddable":true,"href":"https:\/\/pasaenmendoza.com\/index.php?rest_route=%2Fwp%2Fv2%2Fcategories&post=8497"},{"taxonomy":"post_tag","embeddable":true,"href":"https:\/\/pasaenmendoza.com\/index.php?rest_route=%2Fwp%2Fv2%2Ftags&post=8497"}],"curies":[{"name":"wp","href":"https:\/\/api.w.org\/{rel}","templated":true}]}}