{"id":8503,"date":"2024-07-06T01:24:49","date_gmt":"2024-07-05T23:24:49","guid":{"rendered":"https:\/\/pasaenmendoza.com\/?p=8503"},"modified":"2024-07-06T01:24:50","modified_gmt":"2024-07-05T23:24:50","slug":"el-pro-mendocino-sigue-sin-presidente-porque-hebe-casado-impugno-la-eleccion","status":"publish","type":"post","link":"https:\/\/pasaenmendoza.com\/?p=8503","title":{"rendered":"El PRO mendocino sigue sin presidente porque Hebe Casado impugn\u00f3 la elecci\u00f3n"},"content":{"rendered":"\n<p>El pedido de nulidad est\u00e1 en la Junta del PRO nacional y si no da lugar, la lista de la vicegobernadora recurrir\u00e1 a la Justicia. Desde el sector de Pradines ratifican que no hubo irregularidades.<\/p>\n\n\n\n<p>Seg\u00fan el calendario electoral, hoy se ten\u00edan que proclamar las nuevas autoridades del\u00a0<strong>PRO mendocino<\/strong>\u00a0pero un nuevo cruce demorar\u00e1 el proceso, al menos, hasta la semana que viene.\u00a0El domingo pasado, se celebraron los postergados comicios internos del partido local en medio de denuncias p\u00fablicas por irregularidades.\u00a0<strong>Gabriel Pradines<\/strong>\u00a0se autoproclam\u00f3 ganador y festej\u00f3 junto a Omar De Marchi.\u00a0<strong>Hebe Casado\u00a0<\/strong>no reconoci\u00f3 la derrota y asegur\u00f3 que iba a impugnar la elecci\u00f3n.\u00a0<\/p>\n\n\n\n<p>La vicegobernadora cumpli\u00f3 su promesa y ayer, mientras la Junta Electoral hac\u00eda el escrutinio definitivo, el apoderado de la lista Amarilla elev\u00f3 un pedido de nulidad de las elecciones internas a la Junta Electoral del\u00a0<strong>PRO\u00a0<\/strong>nacional.\u00a0<\/p>\n\n\n\n<p>En principio, desde el orden nacional tienen 24 horas para contestar y podr\u00edan extenderse unos d\u00edas m\u00e1s. Si no dan lugar al pedido de nulidad de\u00a0<strong>Hebe Casado<\/strong>, el apoderado tiene la orden de acudir a la Justicia Federal y todo quedar\u00e1 en manos del juez Pablo Quir\u00f3s que tambi\u00e9n tendr\u00e1 pocos d\u00edas para resolver.\u00a0<\/p>\n\n\n\n<p>Todo indica\u00a0que la semana que viene se sabr\u00e1 si\u00a0<strong>Gabriel Pradines<\/strong>\u00a0es ratificado como presidente del\u00a0<strong>PRO mendocino<\/strong>\u00a0o si los comicios del domingo son considerados nulos y se vuelve a hacer un llamado a elecciones para que los afiliados del\u00a0<strong>PRO\u00a0<\/strong>elijan autoridades.\u00a0<\/p>\n\n\n\n<h2 class=\"wp-block-heading\">Borr\u00f3n y cuenta nueva<\/h2>\n\n\n\n<p><strong>Hebe Casado<\/strong>\u00a0fue la primera en denunciar irregularidades durante las elecciones del domingo: demoras, falta de veedores, que la distribuci\u00f3n de las urnas no la hac\u00eda el Correo Argentino y que no se public\u00f3 el padr\u00f3n en tiempo y forma, entre otras.\u00a0<\/p>\n\n\n\n<p>En la presentaci\u00f3n formal, el apoderado de la lista Amarilla Agust\u00edn P\u00edscopo pide \u201cdejar sin efecto el escrutinio provisorio, hacer lugar a la nulidad de los comicios del 30 de junio y establecer un nueva fecha de comicios\u201d.&nbsp;<\/p>\n\n\n\n<p>\u201cNo se trata de un hecho aislado, son muchas irregularidades que en su conjunto nos dan sustento para pedir la nulidad de las elecciones. Nos presentamos a la Junta local, a la nacional y si no da lugar recurriremos a la Justicia Federal\u201d, explic\u00f3 P\u00edscopo.<\/p>\n\n\n\n<p>\u201cFaltaban sobres en las escuelas donde ten\u00edamos muchos votantes, los padrones ten\u00edan que estar publicados el s\u00e1bado a las 10 y se publicaron despu\u00e9s del mediod\u00eda, algunos establecimientos no estaban aptos para sufragar, hubo demoras y fallas con las fajas de seguridad. Una escribana constat\u00f3 que la cadena de custodia de las urnas no fue respetada\u201d, agreg\u00f3 el abogado.&nbsp;<\/p>\n\n\n\n<h2 class=\"wp-block-heading\">Sin irregularidades<\/h2>\n\n\n\n<p>Para&nbsp;<strong>Gabriel Pradines&nbsp;<\/strong>en las elecciones no hubo irregularidades y se sostiene en los informes de los cuatro veedores que destacaron que los \u201ccomicios se desarrollaron con normalidad\u201d.<\/p>\n\n\n\n<p>\u201cLos veedores son de la Justicia Federal. Las dos listas pedimos presencia de veedores para garantizar la transparencia de las elecciones y ellos determinaron que se desarrollaron con normalidad\u201d, detall\u00f3\u00a0<strong>Pradines<\/strong>.\u00a0<\/p>\n\n\n\n<p>FUENTE: MDZonline.<\/p>\n","protected":false},"excerpt":{"rendered":"<p>El pedido de nulidad est\u00e1 en la Junta del PRO nacional y si no da lugar, la lista de la vicegobernadora recurrir\u00e1 a la Justicia. Desde el sector de Pradines ratifican que no hubo irregularidades. Seg\u00fan el calendario electoral, hoy se ten\u00edan que proclamar las nuevas autoridades del\u00a0PRO mendocino\u00a0pero un nuevo cruce demorar\u00e1 el proceso, [&hellip;]<\/p>\n","protected":false},"author":2,"featured_media":8516,"comment_status":"open","ping_status":"open","sticky":true,"template":"","format":"standard","meta":[],"categories":[47],"tags":[],"_links":{"self":[{"href":"https:\/\/pasaenmendoza.com\/index.php?rest_route=\/wp\/v2\/posts\/8503"}],"collection":[{"href":"https:\/\/pasaenmendoza.com\/index.php?rest_route=\/wp\/v2\/posts"}],"about":[{"href":"https:\/\/pasaenmendoza.com\/index.php?rest_route=\/wp\/v2\/types\/post"}],"author":[{"embeddable":true,"href":"https:\/\/pasaenmendoza.com\/index.php?rest_route=\/wp\/v2\/users\/2"}],"replies":[{"embeddable":true,"href":"https:\/\/pasaenmendoza.com\/index.php?rest_route=%2Fwp%2Fv2%2Fcomments&post=8503"}],"version-history":[{"count":1,"href":"https:\/\/pasaenmendoza.com\/index.php?rest_route=\/wp\/v2\/posts\/8503\/revisions"}],"predecessor-version":[{"id":8517,"href":"https:\/\/pasaenmendoza.com\/index.php?rest_route=\/wp\/v2\/posts\/8503\/revisions\/8517"}],"wp:featuredmedia":[{"embeddable":true,"href":"https:\/\/pasaenmendoza.com\/index.php?rest_route=\/wp\/v2\/media\/8516"}],"wp:attachment":[{"href":"https:\/\/pasaenmendoza.com\/index.php?rest_route=%2Fwp%2Fv2%2Fmedia&parent=8503"}],"wp:term":[{"taxonomy":"category","embeddable":true,"href":"https:\/\/pasaenmendoza.com\/index.php?rest_route=%2Fwp%2Fv2%2Fcategories&post=8503"},{"taxonomy":"post_tag","embeddable":true,"href":"https:\/\/pasaenmendoza.com\/index.php?rest_route=%2Fwp%2Fv2%2Ftags&post=8503"}],"curies":[{"name":"wp","href":"https:\/\/api.w.org\/{rel}","templated":true}]}}