{"id":8507,"date":"2024-07-06T00:54:54","date_gmt":"2024-07-05T22:54:54","guid":{"rendered":"https:\/\/pasaenmendoza.com\/?p=8507"},"modified":"2024-07-06T00:54:56","modified_gmt":"2024-07-05T22:54:56","slug":"referente-de-los-cardiologos-aviso-que-en-mendoza-quedan-solo-12-intervencionistas","status":"publish","type":"post","link":"https:\/\/pasaenmendoza.com\/?p=8507","title":{"rendered":"Referente de los cardi\u00f3logos avis\u00f3 que en Mendoza quedan s\u00f3lo 12 intervencionistas"},"content":{"rendered":"\n<p>La crisis en el sistema sanitario de Mendoza y en el pa\u00eds que se hace palpable en la falta de pediatras o de especialistas en neurolog\u00eda, por ejemplo, tambi\u00e9n alcanz\u00f3 a la<strong>\u00a0cardiolog\u00eda\u00a0<\/strong>en las especialidades<strong>\u00a0intervencionista y hemodinamia<\/strong>, cuyos profesionales anunciaron<strong>\u00a0un paro para el pr\u00f3ximo 13 y 14 de agosto en Mendoza<\/strong>. La medida afectar\u00e1 al sistema privado y al sistema p\u00fablico, aunque se garantiz\u00f3 la atenci\u00f3n de las emergencias.<\/p>\n\n\n\n<p>El cardi\u00f3logo angi\u00f3logo\u00a0<strong>Diego Guzzanti<\/strong>\u00a0explic\u00f3 que se espera un alto acatamiento para la medida de fuerza y destac\u00f3 que su impacto es importante &#8220;porque somos<strong>\u00a0s\u00f3lo 12 especialistas que cubrimos m\u00faltiples pr\u00e1cticas<\/strong>\u00a0y hoy permitimos que se sustituya la cirug\u00eda cardiovascular por el intervencionismo y la hemodinamia. Ambas salvan la vida de los pacientes en situaciones muy cr\u00edticas&#8221;.<\/p>\n\n\n\n<p>Se calcula que en promedio se hacen&nbsp;<strong>1.000 intervenciones con cat\u00e9ter en toda la provincia<\/strong>. Aunque admitieron que no hay un registro, pero es importante el volumen de trabajo.<\/p>\n\n\n\n<p>Sin embargo, a pesar de lo finito del recurso humano y que los especialistas que ingresan al mercado dejan el pa\u00eds, &#8220;estamos en<strong>\u00a0conflicto con las prepagas y las obras sociales por el atraso en el pago<\/strong>\u00a0y por lo insuficiente de los honorarios, incluso con demoras de varios meses. Quiz\u00e1s cobramos igual que m\u00e9dicos que no hicieron una especialidad que demanda 15 a\u00f1os de estudio, adem\u00e1s de las carrera, como es nuestro caso&#8221;.<\/p>\n\n\n\n<p>&#8220;Lo que estamos viviendo es desesperante no s\u00f3lo por el pago a tiempo de nuestro trabajo, sino por la falta de infraestructura m\u00e9dica. Estamos trabajando con\u00a0<strong>procedimientos de hace treinta a\u00f1os<\/strong>, cuando con m\u00e9todos m\u00e1s sencillos podemos dar una mejor calidad de vida. Esto lo venimos denunciando hace muchos a\u00f1os. Hoy, para sumar al grave panorama, no contamos con insumos&#8221;, se\u00f1al\u00f3 el profesional.<\/p>\n\n\n\n<p>El integrante del&nbsp;<strong>Colegio de Angi\u00f3logos de la Rep\u00fablica Argentina<\/strong>&nbsp;(CACI) manifest\u00f3 que aguardan que a nivel nacional que se produzcan reuniones con las principales gerenciadoras como el&nbsp;<strong>Instituto Nacional de Servicios Sociales para Jubilados y Pensionados<\/strong>&nbsp;(PAMI), prepagas e incluso la Obra Social de Trabajadores del Estado (OSEP).<\/p>\n\n\n\n<p>&#8220;Esperemos que haya avances. Venimos alertando sobre esta situaci\u00f3n hace bastante tiempo y ahora anunciamos con un mes de anticipaci\u00f3n este paro. Vuelvo a aclarar que\u00a0<strong>la emergencia se va a tratar con normalidad<\/strong>, s\u00f3lo no se har\u00e1 lo programado&#8221;, insisti\u00f3 Guzzanti.<\/p>\n\n\n\n<p><strong>Fuente: www.diariouno.com.ar<\/strong><\/p>\n","protected":false},"excerpt":{"rendered":"<p>La crisis en el sistema sanitario de Mendoza y en el pa\u00eds que se hace palpable en la falta de pediatras o de especialistas en neurolog\u00eda, por ejemplo, tambi\u00e9n alcanz\u00f3 a la\u00a0cardiolog\u00eda\u00a0en las especialidades\u00a0intervencionista y hemodinamia, cuyos profesionales anunciaron\u00a0un paro para el pr\u00f3ximo 13 y 14 de agosto en Mendoza. La medida afectar\u00e1 al sistema [&hellip;]<\/p>\n","protected":false},"author":2,"featured_media":8508,"comment_status":"open","ping_status":"open","sticky":false,"template":"","format":"standard","meta":[],"categories":[58],"tags":[],"_links":{"self":[{"href":"https:\/\/pasaenmendoza.com\/index.php?rest_route=\/wp\/v2\/posts\/8507"}],"collection":[{"href":"https:\/\/pasaenmendoza.com\/index.php?rest_route=\/wp\/v2\/posts"}],"about":[{"href":"https:\/\/pasaenmendoza.com\/index.php?rest_route=\/wp\/v2\/types\/post"}],"author":[{"embeddable":true,"href":"https:\/\/pasaenmendoza.com\/index.php?rest_route=\/wp\/v2\/users\/2"}],"replies":[{"embeddable":true,"href":"https:\/\/pasaenmendoza.com\/index.php?rest_route=%2Fwp%2Fv2%2Fcomments&post=8507"}],"version-history":[{"count":1,"href":"https:\/\/pasaenmendoza.com\/index.php?rest_route=\/wp\/v2\/posts\/8507\/revisions"}],"predecessor-version":[{"id":8509,"href":"https:\/\/pasaenmendoza.com\/index.php?rest_route=\/wp\/v2\/posts\/8507\/revisions\/8509"}],"wp:featuredmedia":[{"embeddable":true,"href":"https:\/\/pasaenmendoza.com\/index.php?rest_route=\/wp\/v2\/media\/8508"}],"wp:attachment":[{"href":"https:\/\/pasaenmendoza.com\/index.php?rest_route=%2Fwp%2Fv2%2Fmedia&parent=8507"}],"wp:term":[{"taxonomy":"category","embeddable":true,"href":"https:\/\/pasaenmendoza.com\/index.php?rest_route=%2Fwp%2Fv2%2Fcategories&post=8507"},{"taxonomy":"post_tag","embeddable":true,"href":"https:\/\/pasaenmendoza.com\/index.php?rest_route=%2Fwp%2Fv2%2Ftags&post=8507"}],"curies":[{"name":"wp","href":"https:\/\/api.w.org\/{rel}","templated":true}]}}