{"id":8510,"date":"2024-07-06T00:58:33","date_gmt":"2024-07-05T22:58:33","guid":{"rendered":"https:\/\/pasaenmendoza.com\/?p=8510"},"modified":"2024-07-06T00:58:34","modified_gmt":"2024-07-05T22:58:34","slug":"alerta-amarilla-por-frio-extremo-en-mendoza-que-zonas-afecta","status":"publish","type":"post","link":"https:\/\/pasaenmendoza.com\/?p=8510","title":{"rendered":"Alerta amarilla por fr\u00edo extremo en Mendoza: qu\u00e9 zonas afecta"},"content":{"rendered":"\n<p>Desde el jueves ingres\u00f3 un&nbsp;<strong>frente fr\u00edo a Mendoza<\/strong>&nbsp;que hizo descender considerablemente las m\u00ednimas y m\u00e1ximas. El fen\u00f3meno se extender\u00e1 por una semana m\u00e1s, con<strong>&nbsp;jornadas muy g\u00e9lidas.<\/strong><\/p>\n\n\n\n<p>A ra\u00edz de esto, el&nbsp;<strong>Servicio Meteorol\u00f3gico Nacional<\/strong>&nbsp;(SMN) emiti\u00f3&nbsp;<strong>una alerta amarilla por fr\u00edo extremo<\/strong>. La situaci\u00f3n se replica en casi todo el territorio provincial.<\/p>\n\n\n\n<p>El fen\u00f3meno afectar\u00e1 a zonas de Luj\u00e1n de Cuyo, Las Heras, Lavalle, Jun\u00edn, Rivadavia, La Paz, San Mart\u00edn, Santa Rosa, San Carlos, Tunuy\u00e1n, Tupungato, General Alvear y San Rafael.<\/p>\n\n\n\n<p>De acuerdo con el reporte del SMN,&nbsp;<strong>un nivel de alerta amarillo&nbsp;<\/strong>por fr\u00edo extremo tiene un \u201cefecto leve a moderado en la salud\u201d.<\/p>\n\n\n\n<p>\u201cPueden ser peligrosas,&nbsp;sobre todo para los grupos de riesgo, como ni\u00f1os y ni\u00f1as, personas mayores de 65 a\u00f1os, con enfermedades cr\u00f3nicas\u201d, destaca el informe.<\/p>\n\n\n\n<h2 class=\"wp-block-heading\" id=\"h-como-sigue-el-tiempo-en-mendoza\">C\u00f3mo sigue el tiempo en Mendoza<\/h2>\n\n\n\n<p>Este viernes se presenta en el Gran Mendoza con poca nubosidad y fr\u00edo:&nbsp;<strong>la temperatura m\u00ednima ser\u00e1 de 0 grados y la m\u00e1xima de 11.<\/strong>&nbsp;Tambi\u00e9n est\u00e1n pronosticadas heladas generales y buen tiempo en la zona cordillerana.<\/p>\n\n\n\n<p>En tanto, para este&nbsp;<strong>s\u00e1bado<\/strong>&nbsp;el pron\u00f3stico de la Direcci\u00f3n de Contingencias Clim\u00e1ticas indica: \u201cPoca nubosidad y fr\u00edo, vientos leves del noreste. Heladas generales. Buen tiempo en cordillera\u201d.&nbsp;<strong>La m\u00ednima ser\u00e1 de -2 grados y la m\u00e1xima de 10.<\/strong><\/p>\n\n\n\n<p>Para el<strong>&nbsp;domingo<\/strong>&nbsp;se prev\u00e9: \u201cPoca nubosidad y fr\u00edo, vientos leves del noreste. Heladas generales. Buen tiempo en cordillera\u201d.&nbsp;<strong>La m\u00ednima ser\u00e1 de -3 grados y la m\u00e1xima de 9.<\/strong><\/p>\n\n\n\n<p>Respecto a la pr\u00f3xima semana, los registros t\u00e9rmicos m\u00ednimos ser\u00e1n todos bajo cero y las m\u00e1ximas no superar\u00e1n los 12 grados.<\/p>\n\n\n\n<p><strong>Fuente: www.elsol.com.ar<\/strong><\/p>\n","protected":false},"excerpt":{"rendered":"<p>Desde el jueves ingres\u00f3 un&nbsp;frente fr\u00edo a Mendoza&nbsp;que hizo descender considerablemente las m\u00ednimas y m\u00e1ximas. El fen\u00f3meno se extender\u00e1 por una semana m\u00e1s, con&nbsp;jornadas muy g\u00e9lidas. A ra\u00edz de esto, el&nbsp;Servicio Meteorol\u00f3gico Nacional&nbsp;(SMN) emiti\u00f3&nbsp;una alerta amarilla por fr\u00edo extremo. La situaci\u00f3n se replica en casi todo el territorio provincial. El fen\u00f3meno afectar\u00e1 a zonas de [&hellip;]<\/p>\n","protected":false},"author":2,"featured_media":8511,"comment_status":"open","ping_status":"open","sticky":false,"template":"","format":"standard","meta":[],"categories":[52],"tags":[],"_links":{"self":[{"href":"https:\/\/pasaenmendoza.com\/index.php?rest_route=\/wp\/v2\/posts\/8510"}],"collection":[{"href":"https:\/\/pasaenmendoza.com\/index.php?rest_route=\/wp\/v2\/posts"}],"about":[{"href":"https:\/\/pasaenmendoza.com\/index.php?rest_route=\/wp\/v2\/types\/post"}],"author":[{"embeddable":true,"href":"https:\/\/pasaenmendoza.com\/index.php?rest_route=\/wp\/v2\/users\/2"}],"replies":[{"embeddable":true,"href":"https:\/\/pasaenmendoza.com\/index.php?rest_route=%2Fwp%2Fv2%2Fcomments&post=8510"}],"version-history":[{"count":1,"href":"https:\/\/pasaenmendoza.com\/index.php?rest_route=\/wp\/v2\/posts\/8510\/revisions"}],"predecessor-version":[{"id":8512,"href":"https:\/\/pasaenmendoza.com\/index.php?rest_route=\/wp\/v2\/posts\/8510\/revisions\/8512"}],"wp:featuredmedia":[{"embeddable":true,"href":"https:\/\/pasaenmendoza.com\/index.php?rest_route=\/wp\/v2\/media\/8511"}],"wp:attachment":[{"href":"https:\/\/pasaenmendoza.com\/index.php?rest_route=%2Fwp%2Fv2%2Fmedia&parent=8510"}],"wp:term":[{"taxonomy":"category","embeddable":true,"href":"https:\/\/pasaenmendoza.com\/index.php?rest_route=%2Fwp%2Fv2%2Fcategories&post=8510"},{"taxonomy":"post_tag","embeddable":true,"href":"https:\/\/pasaenmendoza.com\/index.php?rest_route=%2Fwp%2Fv2%2Ftags&post=8510"}],"curies":[{"name":"wp","href":"https:\/\/api.w.org\/{rel}","templated":true}]}}