{"id":8513,"date":"2024-07-06T01:01:28","date_gmt":"2024-07-05T23:01:28","guid":{"rendered":"https:\/\/pasaenmendoza.com\/?p=8513"},"modified":"2024-07-06T01:01:29","modified_gmt":"2024-07-05T23:01:29","slug":"la-lucha-antigranizo-continuaria-en-el-sur-provincial-pero-con-participacion-municipal","status":"publish","type":"post","link":"https:\/\/pasaenmendoza.com\/?p=8513","title":{"rendered":"La lucha antigranizo continuar\u00eda en el sur provincial, pero con participaci\u00f3n municipal"},"content":{"rendered":"\n<p>La<strong>&nbsp;lucha antigranizo<\/strong>&nbsp;en el sur de Mendoza seguir\u00eda adelante con un modelo de gesti\u00f3n municipal. Dos de los cuatro aviones utilizados para estas operaciones, junto con la pirotecnia sobrante y otros insumos, quedar\u00e1n a disposici\u00f3n de las comunas de&nbsp;<strong>General Alvear&nbsp;<\/strong>y&nbsp;<strong>San Rafael<\/strong>, que asumir\u00e1n los costos de la operaci\u00f3n y los pilotos.<\/p>\n\n\n\n<p>Esta decisi\u00f3n se enmarca en la estrategia de descentralizaci\u00f3n y optimizaci\u00f3n de recursos del Gobierno Provincial, permitiendo que las municipalidades tengan un rol protag\u00f3nico en la protecci\u00f3n de los cultivos y propiedades contra el\u00a0<strong>granizo<\/strong>, un fen\u00f3meno recurrente en la regi\u00f3n que causa importantes p\u00e9rdidas econ\u00f3micas.<\/p>\n\n\n\n<p>Los municipios de<strong>&nbsp;General Alvear&nbsp;<\/strong>y&nbsp;<strong>San Rafael<\/strong>&nbsp;han expresado su compromiso con esta responsabilidad y ya est\u00e1n elaborando los planes operativos necesarios para la temporada venidera. Sin embargo, conscientes de los elevados costos que implica mantener estas operaciones, ambos municipios est\u00e1n explorando la posibilidad de asociarse con el sector privado para compartir gastos y mejorar la eficiencia del servicio.<\/p>\n\n\n\n<p>&#8220;Estamos convencidos de que la lucha antigranizo es fundamental para nuestra econom\u00eda local y estamos dispuestos a asumir este desaf\u00edo. No obstante, creemos que una asociaci\u00f3n con empresas privadas puede ofrecer soluciones innovadoras y sostenibles a largo plazo&#8221;, afirm\u00f3 un representante del municipio de&nbsp;<strong>San Rafael<\/strong>.<\/p>\n\n\n\n<p>Esta colaboraci\u00f3n entre municipios y la posible inclusi\u00f3n del sector privado podr\u00edan marcar una nueva era en la gesti\u00f3n de riesgos clim\u00e1ticos en Mendoza<strong>.<\/strong>\u00a0Las comunidades agr\u00edcolas de la regi\u00f3n sur ven con buenos ojos esta iniciativa, ya que representa un esfuerzo coordinado y especializado para proteger sus inversiones y sustento.<\/p>\n\n\n\n<p><strong>Fuente: diariomendoza.com.ar<\/strong><\/p>\n","protected":false},"excerpt":{"rendered":"<p>La&nbsp;lucha antigranizo&nbsp;en el sur de Mendoza seguir\u00eda adelante con un modelo de gesti\u00f3n municipal. Dos de los cuatro aviones utilizados para estas operaciones, junto con la pirotecnia sobrante y otros insumos, quedar\u00e1n a disposici\u00f3n de las comunas de&nbsp;General Alvear&nbsp;y&nbsp;San Rafael, que asumir\u00e1n los costos de la operaci\u00f3n y los pilotos. Esta decisi\u00f3n se enmarca en [&hellip;]<\/p>\n","protected":false},"author":2,"featured_media":8514,"comment_status":"open","ping_status":"open","sticky":false,"template":"","format":"standard","meta":[],"categories":[50],"tags":[],"_links":{"self":[{"href":"https:\/\/pasaenmendoza.com\/index.php?rest_route=\/wp\/v2\/posts\/8513"}],"collection":[{"href":"https:\/\/pasaenmendoza.com\/index.php?rest_route=\/wp\/v2\/posts"}],"about":[{"href":"https:\/\/pasaenmendoza.com\/index.php?rest_route=\/wp\/v2\/types\/post"}],"author":[{"embeddable":true,"href":"https:\/\/pasaenmendoza.com\/index.php?rest_route=\/wp\/v2\/users\/2"}],"replies":[{"embeddable":true,"href":"https:\/\/pasaenmendoza.com\/index.php?rest_route=%2Fwp%2Fv2%2Fcomments&post=8513"}],"version-history":[{"count":1,"href":"https:\/\/pasaenmendoza.com\/index.php?rest_route=\/wp\/v2\/posts\/8513\/revisions"}],"predecessor-version":[{"id":8515,"href":"https:\/\/pasaenmendoza.com\/index.php?rest_route=\/wp\/v2\/posts\/8513\/revisions\/8515"}],"wp:featuredmedia":[{"embeddable":true,"href":"https:\/\/pasaenmendoza.com\/index.php?rest_route=\/wp\/v2\/media\/8514"}],"wp:attachment":[{"href":"https:\/\/pasaenmendoza.com\/index.php?rest_route=%2Fwp%2Fv2%2Fmedia&parent=8513"}],"wp:term":[{"taxonomy":"category","embeddable":true,"href":"https:\/\/pasaenmendoza.com\/index.php?rest_route=%2Fwp%2Fv2%2Fcategories&post=8513"},{"taxonomy":"post_tag","embeddable":true,"href":"https:\/\/pasaenmendoza.com\/index.php?rest_route=%2Fwp%2Fv2%2Ftags&post=8513"}],"curies":[{"name":"wp","href":"https:\/\/api.w.org\/{rel}","templated":true}]}}