{"id":8521,"date":"2024-07-06T01:32:59","date_gmt":"2024-07-05T23:32:59","guid":{"rendered":"https:\/\/pasaenmendoza.com\/?p=8521"},"modified":"2024-07-06T01:33:00","modified_gmt":"2024-07-05T23:33:00","slug":"matias-stevanato-viajo-a-buenos-aires-a-reclamar-por-obras-nacionales-y-se-trajo-un-ni","status":"publish","type":"post","link":"https:\/\/pasaenmendoza.com\/?p=8521","title":{"rendered":"Mat\u00edas Stevanato viaj\u00f3 a Buenos Aires a reclamar por obras nacionales y se trajo un &#8220;ni&#8221;"},"content":{"rendered":"\n<p><strong>&#8220;Sigo apostando al di\u00e1logo&#8221;<\/strong>, resalt\u00f3 el maipucino, que est\u00e1 dispuesto a agotar las instancias administrativas pero no descarta\u00a0<strong>acciones judiciales<\/strong><\/p>\n\n\n\n<p>Ya lo hab\u00eda anticipado y al final viaj\u00f3. El intendente de Maip\u00fa,\u00a0<strong>Mat\u00edas Stevanato (PJ)<\/strong>, anduvo por Buenos Aires para reclamar por\u00a0<strong>obras nacionales<\/strong>\u00a0inconclusas en su departamento. Visit\u00f3 oficinas, toc\u00f3 puertas. Y se trajo un &#8220;ni&#8221;.<\/p>\n\n\n\n<p>&#8220;Fui a hablar con funcionarios para agotar todas las\u00a0<strong>instancias administrativas<\/strong>. La respuesta fue que lo van a seguir analizando. Yo les mostr\u00e9 c\u00f3mo est\u00e1n de avanzadas las obras por las que reclamamos. Pero no he podido traer una respuesta positiva&#8221;, cont\u00f3 el\u00a0<strong>justicialista<\/strong>.<\/p>\n\n\n\n<p>La inquietud del jefe comunal viene de hace tiempo y tiene dos ejes principales. Por un lado,\u00a0<strong>460 viviendas\u00a0<\/strong>que est\u00e1n sin terminar y que hab\u00edan empezado a hacerse con fondos nacionales. Por otro, un proyecto que Stevanato define como &#8220;es el m\u00e1s importante de los \u00faltimos 40 a\u00f1os en el departamento&#8221; y que consiste en una\u00a0<strong>red cloacal<\/strong>\u00a0en Rodeo del Medio, San Roque y Fray Luis Beltr\u00e1n que beneficiar\u00eda a unos 30.000 vecinos.<\/p>\n\n\n\n<p>Ahora, el maipucino cont\u00f3 que en Buenos Aires &#8220;dijeron que lo van a analizar porque saben lo que significa esa obra de las&nbsp;<strong>cloacas<\/strong>, que est\u00e1 en m\u00e1s del 80%; y lo que implica la construcci\u00f3n de tantas&nbsp;<strong>viviendas<\/strong>&#8220;.<\/p>\n\n\n\n<p>Sin embargo, a\u00fan no le definen nada concreto.<\/p>\n\n\n\n<h2 class=\"wp-block-heading\">La Naci\u00f3n y el cocodrilo<\/h2>\n\n\n\n<p>Lo cierto es que el criterio de&nbsp;<strong>&#8220;obra p\u00fablica cero&#8221;<\/strong>&nbsp;del presidente&nbsp;<strong>Javier Milei<\/strong>&nbsp;ha dejado un tendal de proyectos en vilo a lo largo y ancho del pa\u00eds. Entre ellos, los dos que reclama Stevanato.<\/p>\n\n\n\n<p>Adem\u00e1s, en las negociaciones del gobernador\u00a0<strong>Alfredo Cornejo (UCR)<\/strong>\u00a0con el jefe de Gabinete,\u00a0<strong>Guillermo Francos (LLA)<\/strong>, para reactivar obras nacionales en Mendoza no entraron los pedidos de Maip\u00fa. Como tampoco entr\u00f3 un\u00a0<strong>gasoducto<\/strong>\u00a0fundamental por el que viene peleando otro intendente peronista, el sanrafaelino\u00a0<strong>Omar F\u00e9lix<\/strong>.<\/p>\n\n\n\n<p>El argumento desde el gobierno provincial es que esos trabajos se negociaron en su momento con Alberto Fern\u00e1ndez, &#8220;por el costado&#8221; de los gobiernos de&nbsp;<strong>Cambia Mendoza<\/strong>.<\/p>\n\n\n\n<p>Y luego el&nbsp;<strong>contexto nacional<\/strong>&nbsp;cambi\u00f3: Milei lleg\u00f3 a la presidencia y dej\u00f3 crecer junto a sus perros al cocodrilo que hoy habita su bolsillo.<\/p>\n\n\n\n<p>&#8220;Igual seguimos esperando y yo&nbsp;<strong>apuesto al di\u00e1logo<\/strong>&#8220;, recalc\u00f3 Stevanato.<\/p>\n\n\n\n<p>Con todo, el maipucino avis\u00f3 d\u00edas atr\u00e1s que si se agotan las instancias administrativas analizar\u00e1 una estrategia en el<strong>\u00a0terreno judicial<\/strong>, tal como lo hizo San Rafael, que\u00a0se anot\u00f3 una victoria esta semana.<\/p>\n\n\n\n<p>FUENTE: Diariouno.com.ar <\/p>\n\n\n\n<p><\/p>\n","protected":false},"excerpt":{"rendered":"<p>&#8220;Sigo apostando al di\u00e1logo&#8221;, resalt\u00f3 el maipucino, que est\u00e1 dispuesto a agotar las instancias administrativas pero no descarta\u00a0acciones judiciales Ya lo hab\u00eda anticipado y al final viaj\u00f3. El intendente de Maip\u00fa,\u00a0Mat\u00edas Stevanato (PJ), anduvo por Buenos Aires para reclamar por\u00a0obras nacionales\u00a0inconclusas en su departamento. Visit\u00f3 oficinas, toc\u00f3 puertas. Y se trajo un &#8220;ni&#8221;. &#8220;Fui a [&hellip;]<\/p>\n","protected":false},"author":2,"featured_media":8522,"comment_status":"open","ping_status":"open","sticky":true,"template":"","format":"standard","meta":[],"categories":[47],"tags":[],"_links":{"self":[{"href":"https:\/\/pasaenmendoza.com\/index.php?rest_route=\/wp\/v2\/posts\/8521"}],"collection":[{"href":"https:\/\/pasaenmendoza.com\/index.php?rest_route=\/wp\/v2\/posts"}],"about":[{"href":"https:\/\/pasaenmendoza.com\/index.php?rest_route=\/wp\/v2\/types\/post"}],"author":[{"embeddable":true,"href":"https:\/\/pasaenmendoza.com\/index.php?rest_route=\/wp\/v2\/users\/2"}],"replies":[{"embeddable":true,"href":"https:\/\/pasaenmendoza.com\/index.php?rest_route=%2Fwp%2Fv2%2Fcomments&post=8521"}],"version-history":[{"count":1,"href":"https:\/\/pasaenmendoza.com\/index.php?rest_route=\/wp\/v2\/posts\/8521\/revisions"}],"predecessor-version":[{"id":8523,"href":"https:\/\/pasaenmendoza.com\/index.php?rest_route=\/wp\/v2\/posts\/8521\/revisions\/8523"}],"wp:featuredmedia":[{"embeddable":true,"href":"https:\/\/pasaenmendoza.com\/index.php?rest_route=\/wp\/v2\/media\/8522"}],"wp:attachment":[{"href":"https:\/\/pasaenmendoza.com\/index.php?rest_route=%2Fwp%2Fv2%2Fmedia&parent=8521"}],"wp:term":[{"taxonomy":"category","embeddable":true,"href":"https:\/\/pasaenmendoza.com\/index.php?rest_route=%2Fwp%2Fv2%2Fcategories&post=8521"},{"taxonomy":"post_tag","embeddable":true,"href":"https:\/\/pasaenmendoza.com\/index.php?rest_route=%2Fwp%2Fv2%2Ftags&post=8521"}],"curies":[{"name":"wp","href":"https:\/\/api.w.org\/{rel}","templated":true}]}}