{"id":8524,"date":"2024-07-06T01:36:31","date_gmt":"2024-07-05T23:36:31","guid":{"rendered":"https:\/\/pasaenmendoza.com\/?p=8524"},"modified":"2024-07-06T01:36:33","modified_gmt":"2024-07-05T23:36:33","slug":"reparticiones-del-gobierno-se-quedaron-sin-internet-por-el-robo-de-cables","status":"publish","type":"post","link":"https:\/\/pasaenmendoza.com\/?p=8524","title":{"rendered":"Reparticiones del Gobierno se quedaron sin internet por el robo de cables"},"content":{"rendered":"\n<p>Varias reparticiones del Gobierno de la provincia de Mendoza\u00a0 se quedaron sin servicio de internet debido a que, seg\u00fan les informaron, &#8220;fue<strong>\u00a0vandalizada la fibra \u00f3ptica&#8221;<\/strong>. Les robaron los cables.<\/p>\n\n\n\n<p>De acuerdo a informaci\u00f3n a la que accedi\u00f3,\u00a0 la\u00a0 Casa central de la Direcci\u00f3n Provincial de Vialidad (DPV) ubicada en Calle Washington Lencinas es uno de los sectores afectados. Pero el Estadio Malvinas Argentinas tambi\u00e9n est\u00e1 sin servicio desde la ma\u00f1ana de este viernes.\u00a0 El Hospital Lagomaggiore tambi\u00e9n sufri\u00f3 el problema, aunque ya estar\u00eda solucionado.\u00a0<\/p>\n\n\n\n<p>El sector de inform\u00e1tica de la DPV les comunic\u00f3 a los empleados:&nbsp; &#8220;por razones externas a Vialidad,<strong>&nbsp;no tenemos comunicaci\u00f3n con las p\u00e1ginas de gobierno<\/strong>&nbsp;ni con el resto de la provincia como consecuencia de la&nbsp;<strong>vandalizaci\u00f3n de cables de fibra \u00f3ptica<\/strong>&nbsp;que nos comunica con el gobierno&#8221;.&nbsp;&nbsp;<\/p>\n\n\n\n<p>\u00a0En consecuencia, los trabajadores de las \u00e1reas administrativas no tienen posibilidad de ingreso, por ejemplo al SIDICO (Sistema de Informaci\u00f3n Consolidada) de la provincia.\u00a0\u00a0<\/p>\n\n\n\n<figure class=\"wp-block-image\"><img decoding=\"async\" src=\"https:\/\/www.mendozapost.com\/files\/image\/581\/581085\/66882eb8e54e7_570_214!.jpg?s=802a5dfeec1cf7e23c403ef3e4d7aa59&amp;d=1720200891\" alt=\"\"\/><\/figure>\n\n\n\n<p>Teniendo en cuenta la proximidad del partido de Los Pumas, desde la Subsecretar\u00eda de Deportes de la provincia informaron que el inconveniente ser\u00e1 resuelto en las pr\u00f3ximas horas durante esta jornada.<\/p>\n\n\n\n<p>FUENTE: Mendozapost.<\/p>\n","protected":false},"excerpt":{"rendered":"<p>Varias reparticiones del Gobierno de la provincia de Mendoza\u00a0 se quedaron sin servicio de internet debido a que, seg\u00fan les informaron, &#8220;fue\u00a0vandalizada la fibra \u00f3ptica&#8221;. Les robaron los cables. De acuerdo a informaci\u00f3n a la que accedi\u00f3,\u00a0 la\u00a0 Casa central de la Direcci\u00f3n Provincial de Vialidad (DPV) ubicada en Calle Washington Lencinas es uno de [&hellip;]<\/p>\n","protected":false},"author":2,"featured_media":8525,"comment_status":"open","ping_status":"open","sticky":true,"template":"","format":"standard","meta":[],"categories":[47],"tags":[],"_links":{"self":[{"href":"https:\/\/pasaenmendoza.com\/index.php?rest_route=\/wp\/v2\/posts\/8524"}],"collection":[{"href":"https:\/\/pasaenmendoza.com\/index.php?rest_route=\/wp\/v2\/posts"}],"about":[{"href":"https:\/\/pasaenmendoza.com\/index.php?rest_route=\/wp\/v2\/types\/post"}],"author":[{"embeddable":true,"href":"https:\/\/pasaenmendoza.com\/index.php?rest_route=\/wp\/v2\/users\/2"}],"replies":[{"embeddable":true,"href":"https:\/\/pasaenmendoza.com\/index.php?rest_route=%2Fwp%2Fv2%2Fcomments&post=8524"}],"version-history":[{"count":1,"href":"https:\/\/pasaenmendoza.com\/index.php?rest_route=\/wp\/v2\/posts\/8524\/revisions"}],"predecessor-version":[{"id":8526,"href":"https:\/\/pasaenmendoza.com\/index.php?rest_route=\/wp\/v2\/posts\/8524\/revisions\/8526"}],"wp:featuredmedia":[{"embeddable":true,"href":"https:\/\/pasaenmendoza.com\/index.php?rest_route=\/wp\/v2\/media\/8525"}],"wp:attachment":[{"href":"https:\/\/pasaenmendoza.com\/index.php?rest_route=%2Fwp%2Fv2%2Fmedia&parent=8524"}],"wp:term":[{"taxonomy":"category","embeddable":true,"href":"https:\/\/pasaenmendoza.com\/index.php?rest_route=%2Fwp%2Fv2%2Fcategories&post=8524"},{"taxonomy":"post_tag","embeddable":true,"href":"https:\/\/pasaenmendoza.com\/index.php?rest_route=%2Fwp%2Fv2%2Ftags&post=8524"}],"curies":[{"name":"wp","href":"https:\/\/api.w.org\/{rel}","templated":true}]}}