{"id":8527,"date":"2024-07-08T15:49:38","date_gmt":"2024-07-08T13:49:38","guid":{"rendered":"https:\/\/pasaenmendoza.com\/?p=8527"},"modified":"2024-07-08T16:02:48","modified_gmt":"2024-07-08T14:02:48","slug":"milei-puso-la-firma-y-cornejo-ya-puede-usar-los-fondos-que-eran-para-portezuelo","status":"publish","type":"post","link":"https:\/\/pasaenmendoza.com\/?p=8527","title":{"rendered":"Milei puso la firma y Cornejo ya puede usar los fondos que eran para Portezuelo"},"content":{"rendered":"\n<p>Son US$ 1.023 millones que Naci\u00f3n le deb\u00eda a Mendoza y fue depositando en cuotas. Originalmente se iba a realizar la megaobra h\u00eddrica, pero ahora la provincia podr\u00e1 usarlos en otras inversiones.<\/p>\n\n\n\n<p>La novela de&nbsp;<strong>Portezuelo&nbsp;del Viento<\/strong>&nbsp;y los fondos que desde Naci\u00f3n se enviaron a Mendoza para realizar este megaproyecto&nbsp;tras una larga disputa parece estar llegando a su fin, aunque esto no implicar\u00e1 que la obra estrella vaya a realizarse. Es que, luego de d\u00e9cadas, la provincia podr\u00e1 utilizar los&nbsp;US$ 1.023 millones que se iban a destinar a esta inversi\u00f3n para otros trabajos.&nbsp;<\/p>\n\n\n\n<p>En medio de una ca\u00edda de la recaudaci\u00f3n y un contexto de crisis econ\u00f3mica, el gobierno de<strong>&nbsp;Alfredo Cornejo&nbsp;<\/strong>podr\u00e1 contar con este dinero finalmente luego de que este lunes el Gobierno nacional publicara en el&nbsp;Bolet\u00edn Oficial&nbsp;la firma de Javier Milei a la adenda que acord\u00f3 con el gobernador, cumpliendo as\u00ed el \u00faltimo paso burocr\u00e1tico que faltaba.<\/p>\n\n\n\n<p>El acuerdo fue firmado en abril y lleva la firma del ministro de Econom\u00eda, Luis Caputo, y de&nbsp;<strong>Cornejo<\/strong>. All\u00ed se autoriza a la provincia a &#8220;ampliar el objeto de su compromiso&nbsp;pudiendo asimismo realizar obras de infraestructura necesarias para el desarrollo provincial&#8221;.<\/p>\n\n\n\n<p>Este escrito debi\u00f3 pasar por la Legislatura, en junio, antes de tener el aval definitivo de Milei. Con este \u00faltimo paso, los fondos ya est\u00e1n disponibles. Ahora, el gran desaf\u00edo es que sean utilizados en obras e inversiones que logren apalancar a la provincia en medio de una situaci\u00f3n bastante cr\u00edtica.&nbsp;<\/p>\n\n\n\n<h2 class=\"wp-block-heading\">Sacando las u\u00f1as<\/h2>\n\n\n\n<p>Distintos departamentos comenzaron a priorizar algunos proyectos que tienen en mente y que coinciden en obras que tengan un beneficio para los mendocinos y tambi\u00e9n un &#8220;repago&#8221;, una condici\u00f3n pr\u00e1cticamente excluyente para&nbsp;<strong>Cornejo<\/strong>.<\/p>\n\n\n\n<p>Por ejemplo, est\u00e1 el caso\u00a0del intendente de\u00a0Guaymall\u00e9n, Marcos Calvente, que\u00a0envi\u00f3 un proyecto que contiene una serie de obras de tr\u00e1nsito en el Acceso Este (Ruta 7).\u00a0El Ejecutivo provincial cont\u00f3 que\u00a0ya tiene\u00a0un \u201cbanco\u201d con al menos 70 proyectos de infraestructura en los que se podr\u00edan invertir.<\/p>\n\n\n\n<p>FUENTE: MDZonline.<\/p>\n","protected":false},"excerpt":{"rendered":"<p>Son US$ 1.023 millones que Naci\u00f3n le deb\u00eda a Mendoza y fue depositando en cuotas. Originalmente se iba a realizar la megaobra h\u00eddrica, pero ahora la provincia podr\u00e1 usarlos en otras inversiones. La novela de&nbsp;Portezuelo&nbsp;del Viento&nbsp;y los fondos que desde Naci\u00f3n se enviaron a Mendoza para realizar este megaproyecto&nbsp;tras una larga disputa parece estar llegando [&hellip;]<\/p>\n","protected":false},"author":2,"featured_media":8528,"comment_status":"open","ping_status":"open","sticky":true,"template":"","format":"standard","meta":[],"categories":[47],"tags":[],"_links":{"self":[{"href":"https:\/\/pasaenmendoza.com\/index.php?rest_route=\/wp\/v2\/posts\/8527"}],"collection":[{"href":"https:\/\/pasaenmendoza.com\/index.php?rest_route=\/wp\/v2\/posts"}],"about":[{"href":"https:\/\/pasaenmendoza.com\/index.php?rest_route=\/wp\/v2\/types\/post"}],"author":[{"embeddable":true,"href":"https:\/\/pasaenmendoza.com\/index.php?rest_route=\/wp\/v2\/users\/2"}],"replies":[{"embeddable":true,"href":"https:\/\/pasaenmendoza.com\/index.php?rest_route=%2Fwp%2Fv2%2Fcomments&post=8527"}],"version-history":[{"count":2,"href":"https:\/\/pasaenmendoza.com\/index.php?rest_route=\/wp\/v2\/posts\/8527\/revisions"}],"predecessor-version":[{"id":8531,"href":"https:\/\/pasaenmendoza.com\/index.php?rest_route=\/wp\/v2\/posts\/8527\/revisions\/8531"}],"wp:featuredmedia":[{"embeddable":true,"href":"https:\/\/pasaenmendoza.com\/index.php?rest_route=\/wp\/v2\/media\/8528"}],"wp:attachment":[{"href":"https:\/\/pasaenmendoza.com\/index.php?rest_route=%2Fwp%2Fv2%2Fmedia&parent=8527"}],"wp:term":[{"taxonomy":"category","embeddable":true,"href":"https:\/\/pasaenmendoza.com\/index.php?rest_route=%2Fwp%2Fv2%2Fcategories&post=8527"},{"taxonomy":"post_tag","embeddable":true,"href":"https:\/\/pasaenmendoza.com\/index.php?rest_route=%2Fwp%2Fv2%2Ftags&post=8527"}],"curies":[{"name":"wp","href":"https:\/\/api.w.org\/{rel}","templated":true}]}}