{"id":8530,"date":"2024-07-08T16:07:09","date_gmt":"2024-07-08T14:07:09","guid":{"rendered":"https:\/\/pasaenmendoza.com\/?p=8530"},"modified":"2024-07-08T16:07:10","modified_gmt":"2024-07-08T14:07:10","slug":"el-plan-de-osep-para-reducir-costos-y-hacerle-frente-a-los-aumentos-de-la-industria-farmaceutica","status":"publish","type":"post","link":"https:\/\/pasaenmendoza.com\/?p=8530","title":{"rendered":"El plan de OSEP para reducir costos y hacerle frente a los aumentos de la industria farmac\u00e9utica"},"content":{"rendered":"\n<p>La obra social de los empleados estatales aplic\u00f3 una serie de cambios en los adicionales para sus trabajadores. Tambi\u00e9n el traslado de sus dependencias a hospitales de diferentes zonas de la Provincia.<\/p>\n\n\n\n<p>La&nbsp;<strong>Obra Social de Empleados P\u00fablicos&nbsp;<\/strong>(OSEP) comenz\u00f3 a aplicar una serie de medidas de ajustes, como el recorte en un adicional espec\u00edfico a algunos empleados. Su director,&nbsp;<strong>Carlos Funes<\/strong>, justific\u00f3 que a pesar de los \u201c<em>esfuerzos<\/em>\u201d que hacen para mantener equilibrado el presupuesto, los aumentos de la industria farmac\u00e9utica \u201c<em>desequilibran todas las cuentas<\/em>\u201c.<\/p>\n\n\n\n<p>Entre estas medidas se encuentra un mayor control de adicionales a sus trabajadores. Por otro lado, comenz\u00f3<mark>&nbsp;un plan de traslado de sus dependencias distritales a hospitales o centros de salud<\/mark>. Con esta \u00faltima acci\u00f3n, desde OSEP explicaron que&nbsp;<strong>se ahorrar\u00edan el pago de alquileres de los inmuebles.<\/strong><\/p>\n\n\n\n<p>Pero el recorte tambi\u00e9n genera malestar. Principalmente, entre los trabajadores que se vieron afectados por una decisi\u00f3n de la Subdirecci\u00f3n de Recursos Humanos de OSEP. En la notificaci\u00f3n que les lleg\u00f3 se indicaba que \u201c<em>a partir del 1 de julio, conforme a nuevas estructuras funcionales, reorganizaci\u00f3n operativa de diversas \u00e1reas, reformulaci\u00f3n de tareas, implementaci\u00f3n de nuevas tecnolog\u00edas y modernizaci\u00f3n de procesos<\/em>\u201d se comunicaba que finalizaba la incorporaci\u00f3n al adicional Tiempo Completo (Full Time).<\/p>\n\n\n\n<p>El escrito aclaraba que no se modificaba la situaci\u00f3n de revista, ni el r\u00e9gimen horario, ni la remuneraci\u00f3n del agente. La medida consist\u00eda en una revisi\u00f3n y pr\u00f3rroga de los&nbsp;<strong>Adicionales de Tiempo Completo<\/strong>&nbsp;al personal que est\u00e1 pronto a iniciar el proceso jubilatorio.<\/p>\n\n\n\n<p>En otras palabras,&nbsp;<mark>aquellos empleados que est\u00e1n a cinco a\u00f1os de jubilarse pueden solicitar este \u00edtem que le reduce la carga horaria semanal de 48 a 43 horas<\/mark>. El beneficio est\u00e1 en que OSEP le sigue reconociendo esas cinco horas de diferencias.<\/p>\n\n\n\n<p>\u201c<em>Hubo un malentendido con el tema de los adicionales. Estos s\u00f3lo pueden ser solicitados por los jefes de \u00e1reas, solamente para las personas que le queden cinco a\u00f1os por jubilarse. El pedido que realic\u00e9 fue que se actualizaran cada tres meses y no anualmente, ya que hab\u00edamos detectado algunos casos que ten\u00edan irregularidades. No son obligatorias darlas<\/em>\u201d, justific\u00f3 Funes.<\/p>\n\n\n\n<p>Para el titular de la obra social se trata de \u201c<em>cuidar<\/em>\u201d el patrimonio del organismo y de ser \u201c<em>m\u00e1s eficientes<\/em>\u201d con el recurso humano. En la actualidad, la planta del personal del organismo provincial&nbsp;<mark>supera los 3.000 trabajadores, de los cuales 2.966 son de planta permanente<\/mark>. Desde 2019 a la fecha se redujo el 10% de los empleados de planta.<\/p>\n\n\n\n<h2 class=\"wp-block-heading\" id=\"h-el-traslado-de-dependencias\">El traslado de dependencias<\/h2>\n\n\n\n<p>Por otro lado, afiliados de la obra social hab\u00edan denunciado el cierre de algunas dependencias. Estas versiones fueron desmentidas por&nbsp;<strong>Funes<\/strong>, quien asegur\u00f3 que ambas sedes funcionan con normalidad y que pr\u00f3ximamente ser\u00e1n removidas de sus lugares.<\/p>\n\n\n\n<p>\u201c<em>Es falso, todas las dependencias est\u00e1n funcionando con normalidad. En San Carlos tenemos diferentes sedes a las que les hemos mejorado sus instalaciones. Justamente en San Carlos, la sede estaba en una vieja casa que alquil\u00e1bamos y pasamos sus oficinas al Hospital Victorino Tagarelli. A la sucursal de Eugenio Bustos la hemos equipado por completo<\/em>\u201d, remarc\u00f3 el funcionario.<\/p>\n\n\n\n<p>Respecto a la dependencia de Beltr\u00e1n, el titular de OSEP adelant\u00f3 que las oficinas pasar\u00e1n al&nbsp;<strong>Hospital Alfredo Metraux<\/strong>. Lo mismo suceder\u00e1 en el sur provincial, precisamente en&nbsp;<mark>San Pedro del Atuel de General Alvear, donde la sede se ubicar\u00e1 en el centro de salud<\/mark>&nbsp;de esa localidad m\u00e1s conocida como Carmensa.<\/p>\n\n\n\n<p>\u201c<em>Estamos cuidando los recursos. Si fuera por nosotros estar\u00edamos firmando convenios en todos los departamentos, pero somos cuidadosos. Estas ubicaciones son las m\u00e1s pr\u00f3ximas que tenemos, en Lavalle hemos avanzado, pero falta todav\u00eda<\/em>\u201d, reconoci\u00f3.<\/p>\n\n\n\n<h2 class=\"wp-block-heading\" id=\"h-el-problema-de-la-industria-farmaceutica\">El problema de la industria farmac\u00e9utica<\/h2>\n\n\n\n<p>Funes analiz\u00f3 que si bien el organismo provincial ha mejorado su situaci\u00f3n financiera, gracias la norma sancionada el a\u00f1o pasado que\u00a0modific\u00f3 el aporte mensual al Fondo de Enfermedades Catastr\u00f3ficas, los aumentos aplicados por la industria farmac\u00e9utica y de pr\u00f3tesis complican el presupuesto de la obra social.<\/p>\n\n\n\n<p>\u201c<em>La aplicaci\u00f3n de la normativa ha ayudado a la situaci\u00f3n financiera, pero la industria farmac\u00e9utica y de pr\u00f3tesis nos ha llevado puestos. A nivel interanual hemos tenido un aumento del 600% en sus productos. Esta situaci\u00f3n tambi\u00e9n la padecemos junto a las obras sociales y prepagas<\/em>\u201d, expres\u00f3 el funcionario a El Sol.<\/p>\n\n\n\n<p>Para el Presupuesto 2024,<mark>&nbsp;la Provincia le destin\u00f3 a OSEP una pauta de gastos de 105 mil millones de pesos<\/mark>. A nivel afiliado, el padr\u00f3n es de 386.642, de los cuales solo&nbsp;<mark>183.000 son activos<\/mark>.<\/p>\n\n\n\n<p>Desde la obra social reconocen que\u00a0<mark>cerca del 35% del presupuesto se destina a tratamientos de \u201cenfermedades de alto costo\u201d<\/mark>\u00a0que padecen casi cuatro mil afiliados.<\/p>\n\n\n\n<p>Entre estas figuran problem\u00e1ticas sanitarias como &nbsp;fibrosis qu\u00edstica, enfermedad de Gaucher, enfermedad de Fabry, enfermedad de Pompe, hemofilia, esclerosis m\u00faltiple, esclerosis lateral amiotr\u00f3fica, HIV, Hepatitis C Cr\u00f3nica y tratamientos oncol\u00f3gicos especiales.<\/p>\n\n\n\n<p>\u201c<em>Podemos ser cuidadosos con el personal, con el ahorro de energ\u00eda o de otros tipos de gastos. Pero nuestras principales partidas se destinan a la industria farmac\u00e9utica, hemos tenido aumentos del 200% de medicamentos de alta complejidad y esos n\u00fameros arruinan cualquier tipo de presupuesto<\/em>\u201d, sostuvieron desde OSEP.<\/p>\n\n\n\n<h2 class=\"wp-block-heading\" id=\"h-la-situacion-financiera-de-osep\">La situaci\u00f3n financiera de OSEP<\/h2>\n\n\n\n<p>La deuda a principios de 2023<mark>&nbsp;rondaba los seis mil millones de pesos y con un d\u00e9ficit cercano al 5%.<\/mark>&nbsp;Por este motivo, el exgobernador&nbsp;<strong>Rodolfo Suarez<\/strong>, envi\u00f3 a la Legislatura un proyecto que consist\u00eda en modificar los aportes mensuales al&nbsp;<strong>Fondo de Enfermedades Catastr\u00f3ficas<\/strong>.&nbsp;<\/p>\n\n\n\n<p>La iniciativa aprobada modific\u00f3 el art\u00edculo 22 de la Carta Org\u00e1nica que modificaba los siguientes aportes mensuales:<\/p>\n\n\n\n<ul>\n<li>Titular con 1 indirecto a cargo, un aporte para el Fondo del 0,75%.<\/li>\n\n\n\n<li>Titular con 2 indirectos a cargo, un aporte para el Fondo del 1,50%.<\/li>\n\n\n\n<li>Titular con 3 o m\u00e1s indirectos a cargo, un aporte para el Fondo del 2,25%.<\/li>\n<\/ul>\n\n\n\n<p>Otro cambio fue en el art\u00edculo 24\u00b0 se establece una modificaci\u00f3n en el aporte que realiza la parte patronal, que del 6% pasar\u00e1 al 7%.<\/p>\n\n\n\n<p>FUENTE: Elsol.com.ar <\/p>\n","protected":false},"excerpt":{"rendered":"<p>La obra social de los empleados estatales aplic\u00f3 una serie de cambios en los adicionales para sus trabajadores. Tambi\u00e9n el traslado de sus dependencias a hospitales de diferentes zonas de la Provincia. La&nbsp;Obra Social de Empleados P\u00fablicos&nbsp;(OSEP) comenz\u00f3 a aplicar una serie de medidas de ajustes, como el recorte en un adicional espec\u00edfico a algunos [&hellip;]<\/p>\n","protected":false},"author":2,"featured_media":8532,"comment_status":"open","ping_status":"open","sticky":true,"template":"","format":"standard","meta":[],"categories":[47],"tags":[],"_links":{"self":[{"href":"https:\/\/pasaenmendoza.com\/index.php?rest_route=\/wp\/v2\/posts\/8530"}],"collection":[{"href":"https:\/\/pasaenmendoza.com\/index.php?rest_route=\/wp\/v2\/posts"}],"about":[{"href":"https:\/\/pasaenmendoza.com\/index.php?rest_route=\/wp\/v2\/types\/post"}],"author":[{"embeddable":true,"href":"https:\/\/pasaenmendoza.com\/index.php?rest_route=\/wp\/v2\/users\/2"}],"replies":[{"embeddable":true,"href":"https:\/\/pasaenmendoza.com\/index.php?rest_route=%2Fwp%2Fv2%2Fcomments&post=8530"}],"version-history":[{"count":1,"href":"https:\/\/pasaenmendoza.com\/index.php?rest_route=\/wp\/v2\/posts\/8530\/revisions"}],"predecessor-version":[{"id":8533,"href":"https:\/\/pasaenmendoza.com\/index.php?rest_route=\/wp\/v2\/posts\/8530\/revisions\/8533"}],"wp:featuredmedia":[{"embeddable":true,"href":"https:\/\/pasaenmendoza.com\/index.php?rest_route=\/wp\/v2\/media\/8532"}],"wp:attachment":[{"href":"https:\/\/pasaenmendoza.com\/index.php?rest_route=%2Fwp%2Fv2%2Fmedia&parent=8530"}],"wp:term":[{"taxonomy":"category","embeddable":true,"href":"https:\/\/pasaenmendoza.com\/index.php?rest_route=%2Fwp%2Fv2%2Fcategories&post=8530"},{"taxonomy":"post_tag","embeddable":true,"href":"https:\/\/pasaenmendoza.com\/index.php?rest_route=%2Fwp%2Fv2%2Ftags&post=8530"}],"curies":[{"name":"wp","href":"https:\/\/api.w.org\/{rel}","templated":true}]}}