{"id":8534,"date":"2024-07-08T16:12:27","date_gmt":"2024-07-08T14:12:27","guid":{"rendered":"https:\/\/pasaenmendoza.com\/?p=8534"},"modified":"2024-07-08T16:12:29","modified_gmt":"2024-07-08T14:12:29","slug":"ulpiano-es-nuevo-presidente-de-una-red-de-150-ciudades-de-iberoamerica","status":"publish","type":"post","link":"https:\/\/pasaenmendoza.com\/?p=8534","title":{"rendered":"Ulpiano es nuevo presidente de una red de 150 ciudades de Iberoam\u00e9rica"},"content":{"rendered":"\n<p><strong>Ulpiano Suarez\u00a0<\/strong>asumi\u00f3 la presidencia de\u00a0<strong>CIDEU\u00a0(Centro Iberoamericano de Desarrollo Estrat\u00e9gico Urbano)<\/strong>, en el XXVI Congreso que se desarroll\u00f3 en la ciudad espa\u00f1ola de Zaragoza bajo el lema &#8220;Innovaci\u00f3n Urbana Sostenible, la energ\u00eda de las ciudades&#8221;.<\/p>\n\n\n\n<p>El intendente de la\u00a0Ciudad de Mendoza, quien pose\u00eda el cargo de vicepresidente de este organismo, estar\u00e1 liderando esta red de ciudades iberoamericanas por los pr\u00f3ximos dos a\u00f1os.<\/p>\n\n\n\n<p>&#8220;En este nuevo ciclo, en el que me honran con la presidencia de la red, queremos mantener el compromiso con la esencia que caracteriza a CIDEU como as\u00ed tambi\u00e9n prestar especial atenci\u00f3n a la acci\u00f3n. Debemos asegurar una transferencia directa de conocimientos para que tengan impacto en el territorio, para ello, apuntamos a promover una gu\u00eda compartida de acciones y monitoreo de proyectos, porque el objetivo central que nos motiva es transformar y ayudar a mejorar la calidad de vida de las personas en nuestras ciudades&#8221;, manifest\u00f3&nbsp;<strong>Ulpiano Suarez en su primer discurso como presidente<\/strong>, que sirvi\u00f3 para cerrar el XXVI Congreso.<\/p>\n\n\n\n<p>&#8220;Como intendente, quiero destacar el car\u00e1cter pol\u00edtico de esta red, en tanto\u00a0<strong>herramienta de transformaci\u00f3n para el mejoramiento de la calidad de vida de nuestros vecinos<\/strong>. Entendiendo, adem\u00e1s, que no s\u00f3lo contribuye al fortalecimiento de capacidades acad\u00e9micas y t\u00e9cnicas, sino que CIDEU se ha consolidado como un espacio central en el dise\u00f1o e implementaci\u00f3n de pol\u00edticas p\u00fablicas urbanas. Por ende, no s\u00f3lo tenemos que concentrarnos en mantener este excelente trabajo sino esforzarnos por sumar a otras ciudades que comparten los mismos desaf\u00edos. Necesitamos seguir trabajando juntos&#8221;, a\u00f1adi\u00f3 en otro momento.<\/p>\n\n\n\n<p>&#8220;Quiero agradecer el excelente trabajo de esta red, a sus miembros y sobre todo, al equipo de CIDEU que viene trabajando para sostener un valioso proceso de planificaci\u00f3n estrat\u00e9gica de nuestras ciudades, espacios cada vez m\u00e1s desafiantes y protagonistas en un contexto mundial que cada vez exige m\u00e1s de nuestros gobiernos locales&#8221;, afirm\u00f3.<\/p>\n\n\n\n<p>&#8220;Hacemos expl\u00edcito nuestro compromiso con los vecinos y ciudadanos de las ciudades que lideramos. Tenemos claro que no hay gobernanza moderna y eficaz sin su participaci\u00f3n activa. Por ello, orientaremos esfuerzos de nuestros equipos de gesti\u00f3n y de CIDEU, para el\u00a0<strong>desarrollo de una plataforma de participaci\u00f3n ciudadana en el marco de la red y sus encuentros<\/strong>, para contar con experiencias, sensaciones y percepciones de primera mano por parte de nuestros vecinos, y tambi\u00e9n para abrir las puertas y mostrar de frente a ellos el gran trabajo que se realiza en estos encuentros&#8221;, indic\u00f3 el intendente de la Ciudad, anunciando que el\u00a0<strong>XXVII Congreso de CIDEU se llevar\u00e1 a cabo el a\u00f1o pr\u00f3ximo en Tunja, Colombia<\/strong>.<\/p>\n\n\n\n<p>Finalizando, expres\u00f3: &#8220;<strong>Felicitamos a Cristian Zamora, alcalde de Cuenca<\/strong>, quien desde hoy es el nuevo&nbsp;<strong>vicepresidente de CIDEU<\/strong>. En este periodo 2024-2026, estaremos trabajando juntos en esta red, con los dem\u00e1s intendentes y alcaldes, para seguir incorporando acciones y herramientas en pos del mejoramiento de las ciudades y de la calidad de vida de sus habitantes&#8221;.<\/p>\n\n\n\n<p>El&nbsp;<strong>Centro Iberoamericano de Desarrollo Estrat\u00e9gico Urbano (CIDEU)<\/strong>&nbsp;es una red de gobiernos locales, entidades y estrategas urbanos de Iberoam\u00e9rica que impulsan la transformaci\u00f3n de las ciudades a trav\u00e9s de la planificaci\u00f3n estrat\u00e9gica urbana. Est\u00e1 conformada por m\u00e1s de 150 ciudades y entidades colaboradoras, entre las que se encuentra la&nbsp;<strong>Ciudad de Mendoza<\/strong>, que fue sede del XXV Congreso&nbsp;.<\/p>\n\n\n\n<p><strong>CIDEU\u00a0<\/strong>contribuye a crear ciudades planificadas, sostenibles y centradas en las personas, fortaleciendo la capacidad de los gobiernos locales para tomar decisiones y transformar sus ciudades.<\/p>\n\n\n\n<p>FUENTE: Mendozapost.<\/p>\n","protected":false},"excerpt":{"rendered":"<p>Ulpiano Suarez\u00a0asumi\u00f3 la presidencia de\u00a0CIDEU\u00a0(Centro Iberoamericano de Desarrollo Estrat\u00e9gico Urbano), en el XXVI Congreso que se desarroll\u00f3 en la ciudad espa\u00f1ola de Zaragoza bajo el lema &#8220;Innovaci\u00f3n Urbana Sostenible, la energ\u00eda de las ciudades&#8221;. El intendente de la\u00a0Ciudad de Mendoza, quien pose\u00eda el cargo de vicepresidente de este organismo, estar\u00e1 liderando esta red de ciudades [&hellip;]<\/p>\n","protected":false},"author":2,"featured_media":8535,"comment_status":"open","ping_status":"open","sticky":true,"template":"","format":"standard","meta":[],"categories":[47],"tags":[],"_links":{"self":[{"href":"https:\/\/pasaenmendoza.com\/index.php?rest_route=\/wp\/v2\/posts\/8534"}],"collection":[{"href":"https:\/\/pasaenmendoza.com\/index.php?rest_route=\/wp\/v2\/posts"}],"about":[{"href":"https:\/\/pasaenmendoza.com\/index.php?rest_route=\/wp\/v2\/types\/post"}],"author":[{"embeddable":true,"href":"https:\/\/pasaenmendoza.com\/index.php?rest_route=\/wp\/v2\/users\/2"}],"replies":[{"embeddable":true,"href":"https:\/\/pasaenmendoza.com\/index.php?rest_route=%2Fwp%2Fv2%2Fcomments&post=8534"}],"version-history":[{"count":1,"href":"https:\/\/pasaenmendoza.com\/index.php?rest_route=\/wp\/v2\/posts\/8534\/revisions"}],"predecessor-version":[{"id":8536,"href":"https:\/\/pasaenmendoza.com\/index.php?rest_route=\/wp\/v2\/posts\/8534\/revisions\/8536"}],"wp:featuredmedia":[{"embeddable":true,"href":"https:\/\/pasaenmendoza.com\/index.php?rest_route=\/wp\/v2\/media\/8535"}],"wp:attachment":[{"href":"https:\/\/pasaenmendoza.com\/index.php?rest_route=%2Fwp%2Fv2%2Fmedia&parent=8534"}],"wp:term":[{"taxonomy":"category","embeddable":true,"href":"https:\/\/pasaenmendoza.com\/index.php?rest_route=%2Fwp%2Fv2%2Fcategories&post=8534"},{"taxonomy":"post_tag","embeddable":true,"href":"https:\/\/pasaenmendoza.com\/index.php?rest_route=%2Fwp%2Fv2%2Ftags&post=8534"}],"curies":[{"name":"wp","href":"https:\/\/api.w.org\/{rel}","templated":true}]}}