{"id":8537,"date":"2024-07-08T16:15:43","date_gmt":"2024-07-08T14:15:43","guid":{"rendered":"https:\/\/pasaenmendoza.com\/?p=8537"},"modified":"2024-07-08T16:15:44","modified_gmt":"2024-07-08T14:15:44","slug":"con-la-firma-de-julio-cobos-el-radicalismo-pidio-la-emergencia-presupuestaria-para-salarios-universitarios","status":"publish","type":"post","link":"https:\/\/pasaenmendoza.com\/?p=8537","title":{"rendered":"Con la firma de Julio Cobos, el radicalismo pidi\u00f3 la emergencia presupuestaria para salarios universitarios"},"content":{"rendered":"\n<p><strong>Diputados nacionales<\/strong>\u00a0de la UCR presentaron un proyecto de ley con el que aspiran a que los salarios de docentes y no docentes universitarios se actualicen por\u00a0<strong>inflaci\u00f3n<\/strong><\/p>\n\n\n\n<p>Un grupo de diputados nacionales radicales -entre los que est\u00e1 el mendocino&nbsp;<strong><a href=\"https:\/\/www.diariouno.com.ar\/contenidos\/resultado.html?search=Julio+Cobos#gsc.tab=0&amp;gsc.q=Julio%20Cobos&amp;gsc.page=1\" target=\"_blank\" rel=\"noreferrer noopener\">Julio Cobos<\/a><\/strong>&#8211; present\u00f3 en la C\u00e1mara Baja del Congreso un proyecto de ley para que se declare la&nbsp;<strong>emergencia presupuestaria&nbsp;<\/strong>relacionada con los sueldos de los docentes y los no docentes universitarios.<\/p>\n\n\n\n<p>Esta iniciativa se conoci\u00f3 pocas horas despu\u00e9s de que un documento del&nbsp;<strong>Consejo Interuniversitario Nacional (CIN)<\/strong>&nbsp;reclamara la &#8220;urgente recomposici\u00f3n salarial para las y los trabajadoras y trabajadores docentes y no docentes del sistema universitario&#8221;.<\/p>\n\n\n\n<p>Este organismo que re\u00fane a autoridades de las universidades de todo el pa\u00eds hizo conocer un documento en el que pidi\u00f3 tambi\u00e9n la reactivaci\u00f3n de los programas y de los dispositivos de\u00a0<strong>asistencia estudiantil<\/strong>\u00a0y la actualizaci\u00f3n del monto asignado para las becas.<\/p>\n\n\n\n<h2 class=\"wp-block-heading\">Diputados radicales pidieron declarar la emergencia presupuestaria de salarios universitarios<\/h2>\n\n\n\n<p>La diputada nacional&nbsp;<strong>Danya Tavela&nbsp;<\/strong>fue quien present\u00f3 un proyecto de ley que apunta a la declaraci\u00f3n de la emergencia presupuestaria de los salarios docentes y no docentes del sistema universitario nacional.<\/p>\n\n\n\n<p>A trav\u00e9s de la iniciativa, la radical bonaerense le exige al Poder Ejecutivo una recomposici\u00f3n de los&nbsp;<strong>haberes salariales<\/strong>&nbsp;conforme a la inflaci\u00f3n acumulada desde el 1 de enero de este a\u00f1o hasta la sanci\u00f3n de la ley, y que a partir de esa fecha se vayan actualizando mensualmente por el \u00cdndice de Precios al Consumidor que elabora el INDEC.<\/p>\n\n\n\n<p>\u201cEsta situaci\u00f3n afecta el desarrollo y crecimiento de la Argentina, pues impacta directamente en el&nbsp;<strong>\u00e1rea cient\u00edfica<\/strong>, en la extensi\u00f3n e investigaci\u00f3n de nuestro sistema. Adem\u00e1s, puede derivar en la disminuci\u00f3n de&nbsp;<strong>investigadores universitarios\u201d,<\/strong>&nbsp;manifest\u00f3.<\/p>\n\n\n\n<p>Para Tavela, que fue durante muchos a\u00f1os vicerrectora de la Universidad Nacional del Noroeste de la provincia de Buenos Aires, &#8220;es necesario que el Gobierno adopte las medidas que garanticen los recursos presupuestarios para los&nbsp;<strong>salarios<\/strong>&nbsp;de las&nbsp;<strong>universidades nacionales<\/strong>, permitiendo el acceso y la continuidad de una educaci\u00f3n de calidad en el segundo semestre del a\u00f1o\u201d.<\/p>\n\n\n\n<p>\u201cLa falta de salarios dignos afecta la calidad de la educaci\u00f3n\u201d, concluy\u00f3 en los fundamentos de la iniciativa de ley.<\/p>\n\n\n\n<p>El proyecto cuenta con las firmas, adem\u00e1s de Cobos, de sus pares radicales\u00a0<strong>Marcela Antola, Mario Barletta, Gabriela Brower de Koning, Carla Carrizo, Mariela Coletta, Marcela Coli, Melina Giorgi, Pablo Juliano, Jorge Rizzoti, Natalia Sarapura<\/strong>\u00a0y<strong>Mart\u00edn Tetaz<\/strong>.<\/p>\n\n\n\n<p>FUENTE: Diariouno.com.ar <\/p>\n","protected":false},"excerpt":{"rendered":"<p>Diputados nacionales\u00a0de la UCR presentaron un proyecto de ley con el que aspiran a que los salarios de docentes y no docentes universitarios se actualicen por\u00a0inflaci\u00f3n Un grupo de diputados nacionales radicales -entre los que est\u00e1 el mendocino&nbsp;Julio Cobos&#8211; present\u00f3 en la C\u00e1mara Baja del Congreso un proyecto de ley para que se declare la&nbsp;emergencia [&hellip;]<\/p>\n","protected":false},"author":2,"featured_media":8538,"comment_status":"open","ping_status":"open","sticky":true,"template":"","format":"standard","meta":[],"categories":[47],"tags":[],"_links":{"self":[{"href":"https:\/\/pasaenmendoza.com\/index.php?rest_route=\/wp\/v2\/posts\/8537"}],"collection":[{"href":"https:\/\/pasaenmendoza.com\/index.php?rest_route=\/wp\/v2\/posts"}],"about":[{"href":"https:\/\/pasaenmendoza.com\/index.php?rest_route=\/wp\/v2\/types\/post"}],"author":[{"embeddable":true,"href":"https:\/\/pasaenmendoza.com\/index.php?rest_route=\/wp\/v2\/users\/2"}],"replies":[{"embeddable":true,"href":"https:\/\/pasaenmendoza.com\/index.php?rest_route=%2Fwp%2Fv2%2Fcomments&post=8537"}],"version-history":[{"count":1,"href":"https:\/\/pasaenmendoza.com\/index.php?rest_route=\/wp\/v2\/posts\/8537\/revisions"}],"predecessor-version":[{"id":8539,"href":"https:\/\/pasaenmendoza.com\/index.php?rest_route=\/wp\/v2\/posts\/8537\/revisions\/8539"}],"wp:featuredmedia":[{"embeddable":true,"href":"https:\/\/pasaenmendoza.com\/index.php?rest_route=\/wp\/v2\/media\/8538"}],"wp:attachment":[{"href":"https:\/\/pasaenmendoza.com\/index.php?rest_route=%2Fwp%2Fv2%2Fmedia&parent=8537"}],"wp:term":[{"taxonomy":"category","embeddable":true,"href":"https:\/\/pasaenmendoza.com\/index.php?rest_route=%2Fwp%2Fv2%2Fcategories&post=8537"},{"taxonomy":"post_tag","embeddable":true,"href":"https:\/\/pasaenmendoza.com\/index.php?rest_route=%2Fwp%2Fv2%2Ftags&post=8537"}],"curies":[{"name":"wp","href":"https:\/\/api.w.org\/{rel}","templated":true}]}}