{"id":8558,"date":"2024-07-11T00:46:50","date_gmt":"2024-07-10T22:46:50","guid":{"rendered":"https:\/\/pasaenmendoza.com\/?p=8558"},"modified":"2024-07-11T00:46:51","modified_gmt":"2024-07-10T22:46:51","slug":"suben-las-tarifas-del-transporte-publico-en-mendoza-y-el-boleto-del-colectivo-pasara-a-650","status":"publish","type":"post","link":"https:\/\/pasaenmendoza.com\/?p=8558","title":{"rendered":"Suben las tarifas del transporte p\u00fablico en Mendoza y el boleto del colectivo pasar\u00e1 a $650"},"content":{"rendered":"\n<p><strong>El pasaje de\u00a0colectivos de Mendoza<\/strong>\u00a0aumentar\u00e1 18,2% y la tarifa plana pasar\u00e1 a costar\u00a0<strong>$ 650<\/strong>\u00a0desde el jueves\u00a0<strong>18 de julio<\/strong>. Mientras, el incremento para los servicios de media y larga distancia provincial, en sus recorridos urbanos, ser\u00e1 proporcionalmente igual al aplicado en el \u00e1rea metropolitana.<\/p>\n\n\n\n<p>Desde la&nbsp;<strong>subsecretar\u00eda de Transporte<\/strong>&nbsp;anunciaron que &#8220;bajo la necesidad de mantener la sostenibilidad del sistema, se ha dispuesto un<strong>&nbsp;nuevo esquema tarifario&#8221;<\/strong>.<\/p>\n\n\n\n<p>Transporte mantendr\u00e1\u00a0<strong>los mismos tipos de abonos y atributos<\/strong>, cantidad de viajes, trasbordo gratuito y descuentos que est\u00e1n vigentes. El aumento de las tarifas se ir\u00e1 aplicando a medida que\u00a0<strong>SUBE<\/strong>\u00a0actualice las validadoras.<\/p>\n\n\n\n<h2 class=\"wp-block-heading\">Actualizaci\u00f3n de tarifas para todos los recorridos<\/h2>\n\n\n\n<p>El&nbsp;<strong>esquema tarifario<\/strong>&nbsp;que regir\u00e1 a partir del&nbsp;<strong>18 de julio de 2024<\/strong>&nbsp;en los recorridos del&nbsp;<strong>\u00e1rea metropolitana del Gran Mendoza<\/strong>&nbsp;se aplicar\u00e1n de la siguiente manera:<\/p>\n\n\n\n<ul>\n<li>Tarifa plana (usuarios sin beneficios): pagar\u00e1n $ 650.<\/li>\n\n\n\n<li>Docentes y celadores, mayores de 70 a\u00f1os, personas con discapacidad y beneficiarios ley 7.811 continuar\u00e1n con pasajes gratuitos (100% de descuento).<\/li>\n\n\n\n<li>Estudiantes primarios y secundarios comenzar\u00e1n a pagar $260 y $325 respectivamente.<\/li>\n\n\n\n<li>Jubilados: $ 325.<\/li>\n\n\n\n<li>Se mantiene el beneficio a usuarios frecuentes con descuentos de hasta 50% de la tarifa base.<\/li>\n<\/ul>\n\n\n\n<p>Desde el Gobierno de Mendoza explicaron que la tarifa continuar\u00e1 por<strong>\u00a0debajo de la media nacional<\/strong>\u00a0que se ubica por encima de los\u00a0<strong>$ 800<\/strong>\u00a0y en &#8220;ciudades como Rosario y C\u00f3rdoba con valores que alcanzan a los $ 940. Seg\u00fan el informe de AAETA, la asociaci\u00f3n que nuclea a los prestadores de servicio en todo el pa\u00eds, en la actualidad\u00a0<strong>hay varios centros urbanos de Argentina con un boleto por encima de los $1.000<\/strong>&#8220;.<\/p>\n\n\n\n<p><strong>Fuente: www.diariouno.com.ar<\/strong><\/p>\n","protected":false},"excerpt":{"rendered":"<p>El pasaje de\u00a0colectivos de Mendoza\u00a0aumentar\u00e1 18,2% y la tarifa plana pasar\u00e1 a costar\u00a0$ 650\u00a0desde el jueves\u00a018 de julio. Mientras, el incremento para los servicios de media y larga distancia provincial, en sus recorridos urbanos, ser\u00e1 proporcionalmente igual al aplicado en el \u00e1rea metropolitana. Desde la&nbsp;subsecretar\u00eda de Transporte&nbsp;anunciaron que &#8220;bajo la necesidad de mantener la sostenibilidad [&hellip;]<\/p>\n","protected":false},"author":2,"featured_media":8559,"comment_status":"open","ping_status":"open","sticky":false,"template":"","format":"standard","meta":[],"categories":[79],"tags":[],"_links":{"self":[{"href":"https:\/\/pasaenmendoza.com\/index.php?rest_route=\/wp\/v2\/posts\/8558"}],"collection":[{"href":"https:\/\/pasaenmendoza.com\/index.php?rest_route=\/wp\/v2\/posts"}],"about":[{"href":"https:\/\/pasaenmendoza.com\/index.php?rest_route=\/wp\/v2\/types\/post"}],"author":[{"embeddable":true,"href":"https:\/\/pasaenmendoza.com\/index.php?rest_route=\/wp\/v2\/users\/2"}],"replies":[{"embeddable":true,"href":"https:\/\/pasaenmendoza.com\/index.php?rest_route=%2Fwp%2Fv2%2Fcomments&post=8558"}],"version-history":[{"count":1,"href":"https:\/\/pasaenmendoza.com\/index.php?rest_route=\/wp\/v2\/posts\/8558\/revisions"}],"predecessor-version":[{"id":8560,"href":"https:\/\/pasaenmendoza.com\/index.php?rest_route=\/wp\/v2\/posts\/8558\/revisions\/8560"}],"wp:featuredmedia":[{"embeddable":true,"href":"https:\/\/pasaenmendoza.com\/index.php?rest_route=\/wp\/v2\/media\/8559"}],"wp:attachment":[{"href":"https:\/\/pasaenmendoza.com\/index.php?rest_route=%2Fwp%2Fv2%2Fmedia&parent=8558"}],"wp:term":[{"taxonomy":"category","embeddable":true,"href":"https:\/\/pasaenmendoza.com\/index.php?rest_route=%2Fwp%2Fv2%2Fcategories&post=8558"},{"taxonomy":"post_tag","embeddable":true,"href":"https:\/\/pasaenmendoza.com\/index.php?rest_route=%2Fwp%2Fv2%2Ftags&post=8558"}],"curies":[{"name":"wp","href":"https:\/\/api.w.org\/{rel}","templated":true}]}}