{"id":8571,"date":"2024-07-12T00:49:59","date_gmt":"2024-07-11T22:49:59","guid":{"rendered":"https:\/\/pasaenmendoza.com\/?p=8571"},"modified":"2024-07-12T00:50:00","modified_gmt":"2024-07-11T22:50:00","slug":"la-plata-no-alcanza-el-aumento-de-los-salarios-no-acompano-al-de-los-productos","status":"publish","type":"post","link":"https:\/\/pasaenmendoza.com\/?p=8571","title":{"rendered":"La plata no alcanza: el aumento de los salarios no acompa\u00f1\u00f3 al de los productos"},"content":{"rendered":"\n<p>Los primeros seis meses de 2024 tuvieron el foco, principalmente, en los aumentos constantes en todo tipo de sectores, lo que llev\u00f3 a una fuerte ca\u00edda del\u00a0<strong>salario\u00a0<\/strong>y del consumo, lo que en parte colabor\u00f3 con la desaceleraci\u00f3n de la\u00a0<strong>inflaci\u00f3n<\/strong>. En la canasta semestral que incluye productos b\u00e1sicos que pueden conseguirse en cualquier supermercado, se registr\u00f3 un\u00a0<strong>aumento\u00a0<\/strong>promedio cercano al 60%.<\/p>\n\n\n\n<p>Este incremento promedio se debe a que, aunque la mayor\u00eda de los productos duplicaron su precio en lo que va del a\u00f1o, hubo algunos que se inclinaron a la baja, haciendo que el promedio general de los tres rubros que abarca este ejercicio sea menor. Discriminado entre esos tres, los productos de almac\u00e9n y l\u00e1cteos presentaron un incremento del 77,25%, mientras que en los de verduler\u00eda y carnicer\u00eda fue del 85,96% y los de higiene bajaron un 8,61%.<\/p>\n\n\n\n<p>En lo que refiere a los alimentos de carnicer\u00eda y verduler\u00eda, hay dos puntos a tener en cuenta que terminaron afectando directamente al promedio general. En primer lugar un fuerte&nbsp;<strong>aumento&nbsp;<\/strong>de la carne en los primeros meses del semestre, que luego present\u00f3 una tendencia a la estabilidad, mientras que algunas verduras tuvieron un fuerte&nbsp;<strong>aumento&nbsp;<\/strong>en los \u00faltimos meses, producto de las heladas que azotaron al pa\u00eds en la zona de mayor producci\u00f3n.<\/p>\n\n\n\n<p>Los productos de almac\u00e9n y l\u00e1cteos, por su parte, sufrieron un\u00a0<strong>aumento\u00a0<\/strong>cercano al 80% con un fuerte arrastre de los incrementos en la leche y derivados y de la harina de trigo. Adem\u00e1s, el caf\u00e9, que cuenta con un 100% de la materia prima importada,\u00a0<strong>aument\u00f3\u00a0<\/strong>de la mano del d\u00f3lar, lo que hizo que llegue a precios muy altos entre los primeros meses y las \u00faltimas semanas.<\/p>\n\n\n\n<p>En cuanto a los productos de higiene, la respuesta fue contraria, con una ca\u00edda en el consumo que gener\u00f3 una fuerte desaceleraci\u00f3n en algunos productos. Igualmente, en la comparaci\u00f3n de los precios al iniciar el a\u00f1o y llegado el meridiano del calendario, hubo un fuerte crecimiento en el precio de las esponjas (188,37%) y del detergente (42,74%), mientras que cay\u00f3 fuertemente el precio del jab\u00f3n blanco (-47,21%).<\/p>\n\n\n\n<p><strong>Fuente: www.mdzol.com<\/strong><\/p>\n","protected":false},"excerpt":{"rendered":"<p>Los primeros seis meses de 2024 tuvieron el foco, principalmente, en los aumentos constantes en todo tipo de sectores, lo que llev\u00f3 a una fuerte ca\u00edda del\u00a0salario\u00a0y del consumo, lo que en parte colabor\u00f3 con la desaceleraci\u00f3n de la\u00a0inflaci\u00f3n. En la canasta semestral que incluye productos b\u00e1sicos que pueden conseguirse en cualquier supermercado, se registr\u00f3 [&hellip;]<\/p>\n","protected":false},"author":2,"featured_media":8572,"comment_status":"open","ping_status":"open","sticky":false,"template":"","format":"standard","meta":[],"categories":[75],"tags":[],"_links":{"self":[{"href":"https:\/\/pasaenmendoza.com\/index.php?rest_route=\/wp\/v2\/posts\/8571"}],"collection":[{"href":"https:\/\/pasaenmendoza.com\/index.php?rest_route=\/wp\/v2\/posts"}],"about":[{"href":"https:\/\/pasaenmendoza.com\/index.php?rest_route=\/wp\/v2\/types\/post"}],"author":[{"embeddable":true,"href":"https:\/\/pasaenmendoza.com\/index.php?rest_route=\/wp\/v2\/users\/2"}],"replies":[{"embeddable":true,"href":"https:\/\/pasaenmendoza.com\/index.php?rest_route=%2Fwp%2Fv2%2Fcomments&post=8571"}],"version-history":[{"count":1,"href":"https:\/\/pasaenmendoza.com\/index.php?rest_route=\/wp\/v2\/posts\/8571\/revisions"}],"predecessor-version":[{"id":8573,"href":"https:\/\/pasaenmendoza.com\/index.php?rest_route=\/wp\/v2\/posts\/8571\/revisions\/8573"}],"wp:featuredmedia":[{"embeddable":true,"href":"https:\/\/pasaenmendoza.com\/index.php?rest_route=\/wp\/v2\/media\/8572"}],"wp:attachment":[{"href":"https:\/\/pasaenmendoza.com\/index.php?rest_route=%2Fwp%2Fv2%2Fmedia&parent=8571"}],"wp:term":[{"taxonomy":"category","embeddable":true,"href":"https:\/\/pasaenmendoza.com\/index.php?rest_route=%2Fwp%2Fv2%2Fcategories&post=8571"},{"taxonomy":"post_tag","embeddable":true,"href":"https:\/\/pasaenmendoza.com\/index.php?rest_route=%2Fwp%2Fv2%2Ftags&post=8571"}],"curies":[{"name":"wp","href":"https:\/\/api.w.org\/{rel}","templated":true}]}}