{"id":8574,"date":"2024-07-12T00:54:54","date_gmt":"2024-07-11T22:54:54","guid":{"rendered":"https:\/\/pasaenmendoza.com\/?p=8574"},"modified":"2024-07-12T00:54:55","modified_gmt":"2024-07-11T22:54:55","slug":"el-gobierno-confirmo-el-cierre-del-idr-con-una-promesa-a-sus-empleados","status":"publish","type":"post","link":"https:\/\/pasaenmendoza.com\/?p=8574","title":{"rendered":"El Gobierno confirm\u00f3 el cierre del IDR con una promesa a sus empleados"},"content":{"rendered":"\n<p><mark>La asamblea del<strong>&nbsp;Instituto de Desarrollo Rural<\/strong>, presidida por&nbsp;<strong>Marcelo Japaz<\/strong>, decidi\u00f3 disolver ese ente. A partir de agosto<\/mark>, cerrar\u00e1 sus puertas y sus programas o actividades pasar\u00e1n a la Subsecretar\u00eda de Agricultura y Ganader\u00eda. Desde el Ministerio de Producci\u00f3n les prometi\u00f3 a los 30 empleados del ente que&nbsp;<mark>pagar\u00e1n el 100% de las indemnizaciones durante el transcurso de este mes<\/mark>.<\/p>\n\n\n\n<p>Hasta el momento, los empleados est\u00e1n a la espera de ser notificados formalmente por la cartera que conduce&nbsp;<strong>Rodolfo Vargas Arizu<\/strong>. Mientras tanto, los trabajadores ya comenzaron a desalojar las oficinas del IDR, ubicadas en el segundo piso del Polo Tic de Godoy Cruz. Solamente continuar\u00e1n el personal administrativo del organismo.<\/p>\n\n\n\n<p>\u201c<em>Ya empezamos a llevar nuestras pertenencias. A partir de este viernes trabajaremos desde nuestras casas. Hasta la semana que viene tenemos que presentar los informes de los trabajos que ven\u00edamos realizando tanto en el instituto como en el campo. En las oficinas solo estar\u00e1n los administrativos hasta que hagan el pase final del inventario<\/em>\u201d, expres\u00f3<strong>&nbsp;Iris Santilli<\/strong>, representante gremial &nbsp;de&nbsp;<strong>Utedyc<\/strong>.<\/p>\n\n\n\n<p>La asamblea, integrada por los miembros fundadores -unas 30 c\u00e1maras productivas-, se realiz\u00f3 este mi\u00e9rcoles y fue presidida por Japaz, que&nbsp;<mark>a la par de este cargo en el IDR detenta la conducci\u00f3n de otro organismo que tambi\u00e9n se cierra, como Aeron\u00e1utica Mendoza -AEMSA-<\/mark>, debido al fin de la lucha antigranizo anunciado por el Gobierno. En la cartera de Vargas Arizu, este polifuncionario es coordinador General y Planificaci\u00f3n Estrat\u00e9gica. La reuni\u00f3n sirvi\u00f3 para formalizar la liquidaci\u00f3n del ente.<\/p>\n\n\n\n<p><mark>Mediante un comunicado oficial, Producci\u00f3n anunci\u00f3 los cierres del IDR y del Instituto de Desarrollo de Comercio a partir del 1 de julio<\/mark>. En el documento, el Ejecutivo se\u00f1alaba que\u00a0<mark>se ahorrar\u00e1 anualmente cerca de 2.000 millones de pesos<\/mark>. Esta partida iba destinada en un 95% al pago de los salarios de los empleados de ambos institutos.<\/p>\n\n\n\n<p>Santilli confi\u00f3 que durante el transcurso de la semana que viene, el Ministerio de Producci\u00f3n, enviar\u00e1n las notificaciones formales de la desvinculaci\u00f3n de los 30 empleados que contaba el IDR. A su vez, la dirigente gremial revel\u00f3 las promesas que le hicieron desde el Ejecutivo provincial.<\/p>\n\n\n\n<p>\u201c<em>De palabra nos avisaron que nos pagar\u00e1n el 100% de las indemnizaciones en&nbsp; julio. Tambi\u00e9n nos prometieron futuras contrataciones seg\u00fan los trabajos espec\u00edficos que vaya realizando el ministerio. Obviamente facturando<\/em>\u201d, manifest\u00f3.<\/p>\n\n\n\n<p><mark>Desde el Ejecutivo adelantaron que se conformar\u00e1 una mesa de trabajo p\u00fablico\/privada con entidades representativas del sector agr\u00edcola<\/mark>. Esta mesa trabajar\u00e1 en la ejecuci\u00f3n y financiamiento de futuros trabajos e investigaciones de campo. Sin embargo, los empleados del IDR ven a esta iniciativa como \u201c<em>inviable<\/em>\u201d.<\/p>\n\n\n\n<p>\u201c<em>Vemos muy dif\u00edcil que el Ministerio de Producci\u00f3n se haga cargo de las tareas\u00a0 y trabajos que hacemos nosotros. Se van a dar cuenta de que no es tan f\u00e1cil como lo pintan y que cerrar el organismo fue un gran error pol\u00edtico<\/em>\u201d, consider\u00f3 un empleado del IDR.<\/p>\n\n\n\n<p>Hay un dato llamativo.\u00a0<mark>En los \u00faltimos d\u00edas,\u00a0el Gobierno public\u00f3 en el Bolet\u00edn Oficial, el decreto 1.299 en el que le otorgaba un subsidio de m\u00e1s de 100 millones de pesos para la\u00a0<strong>Fundaci\u00f3n Instituto de Desarrollo Rural<\/strong>\u00a0para el funcionamiento del IDR<\/mark>. Esos fondos, explicaron, servir\u00e1n para el cierre de caja: se destinar\u00e1n a sueldos y aguinaldos, explicaron desde el Ejecutivo.<\/p>\n\n\n\n<p>Empleados del IDR indicaron que desde el Ministerio de Producci\u00f3n les comunicaron \u201c<em>informalmente<\/em>\u201d que ten\u00edan que seguir \u201c<em>marcando<\/em>\u201d hasta este mi\u00e9rcoles. Este mensaje tom\u00f3 por sorpresa a los 30 trabajadores del organismo ya que el cierre del mismo \u201c<em>era un hecho<\/em>\u201d.<\/p>\n\n\n\n<p>Desde Casa de Gobierno garantizaron la\u00a0continuidad de los bienes, m\u00e1quinas o herramientas\u00a0que el IDR ha entregado a productores y\/o cooperativas.<\/p>\n\n\n\n<p><strong>Fuente: www.elsol.com.ar<\/strong><\/p>\n","protected":false},"excerpt":{"rendered":"<p>La asamblea del&nbsp;Instituto de Desarrollo Rural, presidida por&nbsp;Marcelo Japaz, decidi\u00f3 disolver ese ente. A partir de agosto, cerrar\u00e1 sus puertas y sus programas o actividades pasar\u00e1n a la Subsecretar\u00eda de Agricultura y Ganader\u00eda. Desde el Ministerio de Producci\u00f3n les prometi\u00f3 a los 30 empleados del ente que&nbsp;pagar\u00e1n el 100% de las indemnizaciones durante el transcurso [&hellip;]<\/p>\n","protected":false},"author":2,"featured_media":8575,"comment_status":"open","ping_status":"open","sticky":false,"template":"","format":"standard","meta":[],"categories":[106],"tags":[],"_links":{"self":[{"href":"https:\/\/pasaenmendoza.com\/index.php?rest_route=\/wp\/v2\/posts\/8574"}],"collection":[{"href":"https:\/\/pasaenmendoza.com\/index.php?rest_route=\/wp\/v2\/posts"}],"about":[{"href":"https:\/\/pasaenmendoza.com\/index.php?rest_route=\/wp\/v2\/types\/post"}],"author":[{"embeddable":true,"href":"https:\/\/pasaenmendoza.com\/index.php?rest_route=\/wp\/v2\/users\/2"}],"replies":[{"embeddable":true,"href":"https:\/\/pasaenmendoza.com\/index.php?rest_route=%2Fwp%2Fv2%2Fcomments&post=8574"}],"version-history":[{"count":1,"href":"https:\/\/pasaenmendoza.com\/index.php?rest_route=\/wp\/v2\/posts\/8574\/revisions"}],"predecessor-version":[{"id":8576,"href":"https:\/\/pasaenmendoza.com\/index.php?rest_route=\/wp\/v2\/posts\/8574\/revisions\/8576"}],"wp:featuredmedia":[{"embeddable":true,"href":"https:\/\/pasaenmendoza.com\/index.php?rest_route=\/wp\/v2\/media\/8575"}],"wp:attachment":[{"href":"https:\/\/pasaenmendoza.com\/index.php?rest_route=%2Fwp%2Fv2%2Fmedia&parent=8574"}],"wp:term":[{"taxonomy":"category","embeddable":true,"href":"https:\/\/pasaenmendoza.com\/index.php?rest_route=%2Fwp%2Fv2%2Fcategories&post=8574"},{"taxonomy":"post_tag","embeddable":true,"href":"https:\/\/pasaenmendoza.com\/index.php?rest_route=%2Fwp%2Fv2%2Ftags&post=8574"}],"curies":[{"name":"wp","href":"https:\/\/api.w.org\/{rel}","templated":true}]}}