{"id":858,"date":"2023-08-23T12:48:01","date_gmt":"2023-08-23T10:48:01","guid":{"rendered":"https:\/\/pasaenmendoza.com\/?p=858"},"modified":"2023-08-23T12:48:02","modified_gmt":"2023-08-23T10:48:02","slug":"omar-de-marchi-hablo-sobre-la-polemica-tras-la-decision-de-righi-no-es-peronismo-o-no-peronismo","status":"publish","type":"post","link":"https:\/\/pasaenmendoza.com\/?p=858","title":{"rendered":"Omar de Marchi habl\u00f3 sobre la pol\u00e9mica tras la decisi\u00f3n de Righi: &#8220;No es peronismo o no peronismo&#8221;"},"content":{"rendered":"\n<p>El candidato a gobernador por La Uni\u00f3n Mendocina defendi\u00f3 la decisi\u00f3n del intendente de Lavalle: &#8220;Generamos la expectativa de gobernar la provincia y hacemos falta todos para eso\u201d.<\/p>\n\n\n\n<p>El intendente peronista\u00a0<strong>Roberto Righi\u00a0<\/strong>confirm\u00f3 su apoyo a\u00a0<strong>La Uni\u00f3n Mendocina<\/strong>\u00a0que lidera\u00a0<strong>Omar de Marchi<\/strong>, una noticia que gener\u00f3 bastante \u201cruido\u201d en la pol\u00edtica local.<\/p>\n\n\n\n<p>Mientras el propio\u00a0<strong>Righi<\/strong> asegur\u00f3 &#8211; ante las cr\u00edticas &#8211; que no es \u201cni oportunista ni traidor\u201d y que va a ser peronista toda su vida, algunos dirigentes se mostraron en desacuerdo con su decisi\u00f3n.<\/p>\n\n\n\n<p>Lucas Ilardo, candidato a vicegobernador del Frente Eleg\u00ed, fue uno de ellos: \u201cRoberto se ha traicionado a s\u00ed mismo, a sus ideales\u201d, dispar\u00f3.<\/p>\n\n\n\n<p>En este contexto, el propio\u00a0<strong>Omar de Marchi<\/strong>\u00a0habl\u00f3 sobre el apoyo de\u00a0<strong>Righi<\/strong>: \u201cNo es del peronismo o no peronismo.\u00a0<strong>La Uni\u00f3n Mendocina<\/strong>\u00a0sigue creciendo todos los d\u00edas, no veo ning\u00fan otro espacio pol\u00edtico en la provincia que crezca. Generamos la expectativa de gobernar la provincia y hacemos falta todos para eso\u201d.<\/p>\n\n\n\n<p>\u201cEl caso del intendente\u00a0<strong>Righi<\/strong>, es un valor muy importante. Roberto tiene que haber sido el intendente que m\u00e1s trabaj\u00f3 por la ruralidad, para que las familias no emigren del campo\u201d, expres\u00f3 el candidato a gobernador por\u00a0<strong>La Uni\u00f3n Mendocina\u00a0<\/strong>en\u00a0<em>Desayuno Incluido<\/em>.<\/p>\n\n\n\n<p>FUENTE: MdzOnline.<\/p>\n","protected":false},"excerpt":{"rendered":"<p>El candidato a gobernador por La Uni\u00f3n Mendocina defendi\u00f3 la decisi\u00f3n del intendente de Lavalle: &#8220;Generamos la expectativa de gobernar la provincia y hacemos falta todos para eso\u201d. El intendente peronista\u00a0Roberto Righi\u00a0confirm\u00f3 su apoyo a\u00a0La Uni\u00f3n Mendocina\u00a0que lidera\u00a0Omar de Marchi, una noticia que gener\u00f3 bastante \u201cruido\u201d en la pol\u00edtica local. Mientras el propio\u00a0Righi asegur\u00f3 &#8211; [&hellip;]<\/p>\n","protected":false},"author":2,"featured_media":859,"comment_status":"open","ping_status":"open","sticky":true,"template":"","format":"standard","meta":[],"categories":[47],"tags":[],"_links":{"self":[{"href":"https:\/\/pasaenmendoza.com\/index.php?rest_route=\/wp\/v2\/posts\/858"}],"collection":[{"href":"https:\/\/pasaenmendoza.com\/index.php?rest_route=\/wp\/v2\/posts"}],"about":[{"href":"https:\/\/pasaenmendoza.com\/index.php?rest_route=\/wp\/v2\/types\/post"}],"author":[{"embeddable":true,"href":"https:\/\/pasaenmendoza.com\/index.php?rest_route=\/wp\/v2\/users\/2"}],"replies":[{"embeddable":true,"href":"https:\/\/pasaenmendoza.com\/index.php?rest_route=%2Fwp%2Fv2%2Fcomments&post=858"}],"version-history":[{"count":1,"href":"https:\/\/pasaenmendoza.com\/index.php?rest_route=\/wp\/v2\/posts\/858\/revisions"}],"predecessor-version":[{"id":860,"href":"https:\/\/pasaenmendoza.com\/index.php?rest_route=\/wp\/v2\/posts\/858\/revisions\/860"}],"wp:featuredmedia":[{"embeddable":true,"href":"https:\/\/pasaenmendoza.com\/index.php?rest_route=\/wp\/v2\/media\/859"}],"wp:attachment":[{"href":"https:\/\/pasaenmendoza.com\/index.php?rest_route=%2Fwp%2Fv2%2Fmedia&parent=858"}],"wp:term":[{"taxonomy":"category","embeddable":true,"href":"https:\/\/pasaenmendoza.com\/index.php?rest_route=%2Fwp%2Fv2%2Fcategories&post=858"},{"taxonomy":"post_tag","embeddable":true,"href":"https:\/\/pasaenmendoza.com\/index.php?rest_route=%2Fwp%2Fv2%2Ftags&post=858"}],"curies":[{"name":"wp","href":"https:\/\/api.w.org\/{rel}","templated":true}]}}