{"id":8582,"date":"2024-07-13T02:31:19","date_gmt":"2024-07-13T00:31:19","guid":{"rendered":"https:\/\/pasaenmendoza.com\/?p=8582"},"modified":"2024-07-13T02:31:20","modified_gmt":"2024-07-13T00:31:20","slug":"anses-hizo-oficial-el-aumento-de-jubilados-pensionados-auh-y-suaf-en-agosto","status":"publish","type":"post","link":"https:\/\/pasaenmendoza.com\/?p=8582","title":{"rendered":"ANSES hizo oficial el aumento de jubilados, pensionados, AUH y SUAF en agosto"},"content":{"rendered":"\n<p><strong>ANSES\u00a0<\/strong>dio a conocer oficialmente el porcentaje de aumento que tendr\u00e1n las mensualidades de\u00a0<strong>jubilados<\/strong>,\u00a0<strong>AUH<\/strong>,\u00a0<strong>AUE\u00a0<\/strong>y\u00a0<strong>SUAF\u00a0<\/strong>durante el mes de agosto. El n\u00famero que impactar\u00e1 en la pr\u00f3xima actualizaci\u00f3n del ente nacional se dio a conocer a partir de comunicado que emiti\u00f3 el\u00a0<strong>INDEC<\/strong>, revelando el porcentaje de\u00a0<strong>inflaci\u00f3n\u00a0<\/strong>que corresponde al mes de junio.<\/p>\n\n\n\n<p>Durante la tarde del viernes,\u00a0<strong>INDEC\u00a0<\/strong>comparti\u00f3 los n\u00fameros de la\u00a0<strong>inflaci\u00f3n\u00a0<\/strong>correspondientes al mes de junio del 2024, y a partir de ello, desde\u00a0<strong>ANSES\u00a0<\/strong>se oficializ\u00f3 el porcentaje del\u00a0<strong>aumento\u00a0<\/strong>que otorgar\u00e1 a\u00a0<strong>jubilados<\/strong>,\u00a0<strong>AUH<\/strong>,\u00a0<strong>AUE\u00a0<\/strong>y\u00a0<strong>SUAF\u00a0<\/strong>en agosto. Hay que recordar que este n\u00famero es el mismo que impacta en los incrementos de las prestaciones del ente nacional, a partir de un cambio decretado por Javier Milei.<\/p>\n\n\n\n<h2 class=\"wp-block-heading\">INDEC comparti\u00f3 el porcentaje de inflaci\u00f3n y ANSES confirm\u00f3 el pr\u00f3ximo aumento<\/h2>\n\n\n\n<p>Como suele hacer&nbsp;<strong>INDEC&nbsp;<\/strong>a esta altura del mes, el organismo dio a conocer de manera oficial el porcentaje de&nbsp;<strong>inflaci\u00f3n&nbsp;<\/strong>correspondiente al mes de&nbsp;<strong>junio<\/strong>.<\/p>\n\n\n\n<p>El&nbsp;<strong>INDEC&nbsp;<\/strong>inform\u00f3 a horas de la tarde del viernes que la inflaci\u00f3n de junio fue del<strong>&nbsp;4,6%<\/strong>. De esta manera se confirm\u00f3 el&nbsp;<strong>aumento&nbsp;<\/strong>que impactar\u00e1 en las mensualidades de los beneficiarios de&nbsp;<strong>ANSES&nbsp;<\/strong>a partir del mes de agosto.<\/p>\n\n\n\n<p>Este incremento surge a partir de la normativa que decret\u00f3&nbsp;<strong>Javier Milei&nbsp;<\/strong>durante el mes de abril, donde&nbsp;<strong>ANSES&nbsp;<\/strong>pas\u00f3 a otorgar aumentos exclusivamente a&nbsp;<strong>jubilados&nbsp;<\/strong>basados en el \u00faltimo \u00edndice de inflaci\u00f3n que comparte&nbsp;<strong>INDEC<\/strong>. Desde julio, esta medida qued\u00f3 oficializada para todas las prestaciones que rige el ente nacional, afectando tambi\u00e9n a las&nbsp;<strong>asignaciones&nbsp;<\/strong>y a determinados bonos.<\/p>\n\n\n\n<p>El \u00faltimo aumento que otorg\u00f3\u00a0<strong>ANSES\u00a0<\/strong>fue del\u00a0<strong>4,18%<\/strong>, y se gener\u00f3 a partir de la confirmaci\u00f3n del\u00a0<strong>INDEC\u00a0<\/strong>de la inflaci\u00f3n correspondiente a mayo. Con esa \u00faltima actualizaci\u00f3n, por ejemplo, la\u00a0<strong>jubilaci\u00f3n m\u00ednima\u00a0<\/strong>ascendi\u00f3 al piso de los<strong>\u00a0$ 215.600<\/strong>.<\/p>\n\n\n\n<p>Hace algunos d\u00edas que comenz\u00f3 a circular que el porcentaje de inflaci\u00f3n de junio<strong>\u00a0rondar\u00eda el 5%<\/strong>, y es que algunas consultoras privadas aseguraban que el n\u00famero exacto\u00a0<strong>ser\u00eda el 5,2%<\/strong>. En contraposici\u00f3n, el Ministro de Econom\u00eda,\u00a0<strong>Luis<\/strong>\u00a0<strong>Caputo<\/strong>, asegur\u00f3 que &#8220;<strong>espera que el porcentaje de IPC comunicado por el INDEC sea menor al 5%&#8221;<\/strong>. Finalmente fue del 4,6%.<\/p>\n\n\n\n<p><strong>Fuente: www.diariouno.com.ar<\/strong><\/p>\n","protected":false},"excerpt":{"rendered":"<p>ANSES\u00a0dio a conocer oficialmente el porcentaje de aumento que tendr\u00e1n las mensualidades de\u00a0jubilados,\u00a0AUH,\u00a0AUE\u00a0y\u00a0SUAF\u00a0durante el mes de agosto. El n\u00famero que impactar\u00e1 en la pr\u00f3xima actualizaci\u00f3n del ente nacional se dio a conocer a partir de comunicado que emiti\u00f3 el\u00a0INDEC, revelando el porcentaje de\u00a0inflaci\u00f3n\u00a0que corresponde al mes de junio. Durante la tarde del viernes,\u00a0INDEC\u00a0comparti\u00f3 los n\u00fameros [&hellip;]<\/p>\n","protected":false},"author":2,"featured_media":8583,"comment_status":"open","ping_status":"open","sticky":false,"template":"","format":"standard","meta":[],"categories":[57],"tags":[],"_links":{"self":[{"href":"https:\/\/pasaenmendoza.com\/index.php?rest_route=\/wp\/v2\/posts\/8582"}],"collection":[{"href":"https:\/\/pasaenmendoza.com\/index.php?rest_route=\/wp\/v2\/posts"}],"about":[{"href":"https:\/\/pasaenmendoza.com\/index.php?rest_route=\/wp\/v2\/types\/post"}],"author":[{"embeddable":true,"href":"https:\/\/pasaenmendoza.com\/index.php?rest_route=\/wp\/v2\/users\/2"}],"replies":[{"embeddable":true,"href":"https:\/\/pasaenmendoza.com\/index.php?rest_route=%2Fwp%2Fv2%2Fcomments&post=8582"}],"version-history":[{"count":1,"href":"https:\/\/pasaenmendoza.com\/index.php?rest_route=\/wp\/v2\/posts\/8582\/revisions"}],"predecessor-version":[{"id":8584,"href":"https:\/\/pasaenmendoza.com\/index.php?rest_route=\/wp\/v2\/posts\/8582\/revisions\/8584"}],"wp:featuredmedia":[{"embeddable":true,"href":"https:\/\/pasaenmendoza.com\/index.php?rest_route=\/wp\/v2\/media\/8583"}],"wp:attachment":[{"href":"https:\/\/pasaenmendoza.com\/index.php?rest_route=%2Fwp%2Fv2%2Fmedia&parent=8582"}],"wp:term":[{"taxonomy":"category","embeddable":true,"href":"https:\/\/pasaenmendoza.com\/index.php?rest_route=%2Fwp%2Fv2%2Fcategories&post=8582"},{"taxonomy":"post_tag","embeddable":true,"href":"https:\/\/pasaenmendoza.com\/index.php?rest_route=%2Fwp%2Fv2%2Ftags&post=8582"}],"curies":[{"name":"wp","href":"https:\/\/api.w.org\/{rel}","templated":true}]}}