{"id":8585,"date":"2024-07-13T02:36:08","date_gmt":"2024-07-13T00:36:08","guid":{"rendered":"https:\/\/pasaenmendoza.com\/?p=8585"},"modified":"2024-07-13T02:36:09","modified_gmt":"2024-07-13T00:36:09","slug":"el-gobierno-escolar-anuncio-que-las-obras-en-mas-de-700-escuelas-seguiran-en-el-receso-invernal","status":"publish","type":"post","link":"https:\/\/pasaenmendoza.com\/?p=8585","title":{"rendered":"El gobierno escolar anunci\u00f3 que las obras en m\u00e1s de 700 escuelas seguir\u00e1n en el receso invernal"},"content":{"rendered":"\n<p>El gobierno escolar anunci\u00f3 que durante las vacaciones de invierno contin\u00faan las\u00a0<strong>obras<\/strong>\u00a0en\u00a0<strong>m\u00e1s de 700 escuelas<\/strong>. Forman parte de un plan de reparaciones que alcanza a establecimientos de toda la provincia. Con una inversi\u00f3n total de $10.000 millones, beneficiar\u00e1n a m\u00e1s de 280.000 alumnos de todos los niveles.<\/p>\n\n\n\n<p>La Subsecretar\u00eda de Infraestructura Escolar aprovecha el receso invernal para avanzar con los arreglos en colegios de toda Mendoza. Las obras est\u00e1n siendo ejecutadas a trav\u00e9s de\u00a0<strong>coeficientes de impacto zonal<\/strong>\u00a0dividas en paquetes de 30 escuelas cada uno, explicaron desde la\u00a0<strong>DGE<\/strong>.<\/p>\n\n\n\n<p>&#8220;Estamos aprovechando el receso invernal para continuar con la reparaci\u00f3n de muchos establecimientos educativos. Nuestro objetivo es no detener el ritmo de obra durante todo el a\u00f1o\u201d, se\u00f1al\u00f3 el subsecretario Carlos Daparo.<\/p>\n\n\n\n<h2 class=\"wp-block-heading\"><strong>Algunas de las escuelas que est\u00e1n siendo intervenidas con obras<\/strong><\/h2>\n\n\n\n<p>En la escuela especial 2-007&nbsp;<strong>Emilio Coni, de Godoy Cruz<\/strong>, un establecimiento de educaci\u00f3n especial, se est\u00e1 realizando un recambio completo de la cubierta de techo y una refacci\u00f3n general de todo el inmueble educativo. Se trata del reemplazo de casi 400 metros cuadrados de techo, con una inversi\u00f3n total de $100 millones.<\/p>\n\n\n\n<p>En tanto, en la escuela&nbsp;<strong>Daniel Videla Correas<\/strong>, de<strong>&nbsp;Capital<\/strong>, se seguir\u00e1 con el recambio de 400 metros cuadrados de cubierta de techo y una reparaci\u00f3n integral de grupos sanitarios, con una inversi\u00f3n que alcanza los $30 millones.<\/p>\n\n\n\n<p>En\u00a0<strong>Guaymall\u00e9n<\/strong>, Infraestructura Escolar contin\u00faa con la renovaci\u00f3n del techo en la escuela\u00a0<strong>Leandro Alem<\/strong>, trabajo que se suma a una serie de refuerzos estructurales que ya se hicieron en el establecimiento. Aqu\u00ed la inversi\u00f3n alcanza $200 millones.<\/p>\n\n\n\n<p>Otra de las escuelas intervenidas es la&nbsp;<strong>Ra\u00fal Scalabrini Ortiz<\/strong>, tambi\u00e9n de&nbsp;<strong>Godoy Cruz<\/strong>, donde se est\u00e1 realizando una refuncionalizaci\u00f3n integral de los grupos sanitarios de mujeres, trabajos muy esperados por la comunidad educativa. Habr\u00e1 una inversi\u00f3n de casi $30 millones.<\/p>\n\n\n\n<p>En la escuela&nbsp;<strong>Edmundo de Amicis<\/strong>, de&nbsp;<strong>Capital<\/strong>, sigue la remodelaci\u00f3n integral de los grupos sanitarios de varones y mujeres, con una inversi\u00f3n cercana a $50 millones.<\/p>\n\n\n\n<p>El plan de obras tambi\u00e9n incluye la reparaci\u00f3n integral de los ba\u00f1os de la\u00a0<strong>escuela Misiones<\/strong>, de Godoy Cruz, que demandar\u00e1 una inversi\u00f3n de $20 millones.<\/p>\n\n\n\n<h2 class=\"wp-block-heading\"><strong>Obras de calefacci\u00f3n<\/strong><\/h2>\n\n\n\n<p>En este mismo<strong>&nbsp;plan de obras<\/strong>&nbsp;est\u00e1n incluidas las que corresponden a intervenciones en sistemas de&nbsp;<strong>calefacci\u00f3n<\/strong>&nbsp;de los establecimientos. Una porci\u00f3n de estos trabajos son de los exigidos por el Enargas, con el objetivo de poner en condiciones las ca\u00f1er\u00edas, artefactos y ventilaciones en los edificios escolares. Aqu\u00ed est\u00e1 prevista una inversi\u00f3n que alcanza&nbsp;<strong>$2.800 millones<\/strong>.<\/p>\n\n\n\n<p>Algunas de las primeras escuelas que han sido abordadas durante el receso invernal son la&nbsp;<strong>1-272 Domingo Bombal<\/strong>, de<strong>&nbsp;Capital<\/strong>, donde se est\u00e1 realizando una reparaci\u00f3n de ca\u00f1er\u00edas de gas e instalaci\u00f3n de artefactos de calefacci\u00f3n, con una inversi\u00f3n de ronda los $6 millones.<\/p>\n\n\n\n<p>En&nbsp;<strong>Lavalle<\/strong>, la&nbsp;<strong>escuela 4-026 Juan Bautista Alberdi&nbsp;<\/strong>ser\u00e1 intervenida con obras de reparaci\u00f3n de ca\u00f1er\u00edas de gas, ventilaciones y de calefactores, con una inversi\u00f3n que alcanza los $11 millones.<\/p>\n\n\n\n<p>Por su parte, est\u00e1 prevista una reparaci\u00f3n de caldera y de ca\u00f1er\u00edas de gas en la<strong>&nbsp;escuela 9-001 Jos\u00e9 de San Mart\u00edn<\/strong>, de&nbsp;<strong>San Mart\u00edn<\/strong>, obra que demandar\u00e1 una inversi\u00f3n de casi $10 millones.<\/p>\n\n\n\n<p>Mientras que en la&nbsp;<strong>escuela 4-107 Ej\u00e9rcito Argentino<\/strong>, de&nbsp;<strong>Tunuy\u00e1n<\/strong>, se har\u00e1 una instalaci\u00f3n de ca\u00f1er\u00edas a\u00e9reas en el sector de aulas y taller, con una inversi\u00f3n que superar\u00e1 $7 millones.<\/p>\n\n\n\n<p>En tanto, en la\u00a0<strong>escuela 6-305 Jacinto Moreira,\u00a0<\/strong>de\u00a0<strong>Luj\u00e1n de Cuyo,<\/strong>\u00a0se realizar\u00e1 la instalaci\u00f3n de nuevas ca\u00f1er\u00edas y de artefactos de calefacci\u00f3n, acondicionamiento de ventilaciones y construcci\u00f3n de platea para tanque zeppel\u00edn. Estos trabajos demandar\u00e1n una inversi\u00f3n de casi $8 millones.<\/p>\n\n\n\n<p><strong>Fuente: www.diariouno.com.ar<\/strong><\/p>\n","protected":false},"excerpt":{"rendered":"<p>El gobierno escolar anunci\u00f3 que durante las vacaciones de invierno contin\u00faan las\u00a0obras\u00a0en\u00a0m\u00e1s de 700 escuelas. Forman parte de un plan de reparaciones que alcanza a establecimientos de toda la provincia. Con una inversi\u00f3n total de $10.000 millones, beneficiar\u00e1n a m\u00e1s de 280.000 alumnos de todos los niveles. La Subsecretar\u00eda de Infraestructura Escolar aprovecha el receso [&hellip;]<\/p>\n","protected":false},"author":2,"featured_media":8587,"comment_status":"open","ping_status":"open","sticky":false,"template":"","format":"standard","meta":[],"categories":[56],"tags":[],"_links":{"self":[{"href":"https:\/\/pasaenmendoza.com\/index.php?rest_route=\/wp\/v2\/posts\/8585"}],"collection":[{"href":"https:\/\/pasaenmendoza.com\/index.php?rest_route=\/wp\/v2\/posts"}],"about":[{"href":"https:\/\/pasaenmendoza.com\/index.php?rest_route=\/wp\/v2\/types\/post"}],"author":[{"embeddable":true,"href":"https:\/\/pasaenmendoza.com\/index.php?rest_route=\/wp\/v2\/users\/2"}],"replies":[{"embeddable":true,"href":"https:\/\/pasaenmendoza.com\/index.php?rest_route=%2Fwp%2Fv2%2Fcomments&post=8585"}],"version-history":[{"count":1,"href":"https:\/\/pasaenmendoza.com\/index.php?rest_route=\/wp\/v2\/posts\/8585\/revisions"}],"predecessor-version":[{"id":8588,"href":"https:\/\/pasaenmendoza.com\/index.php?rest_route=\/wp\/v2\/posts\/8585\/revisions\/8588"}],"wp:featuredmedia":[{"embeddable":true,"href":"https:\/\/pasaenmendoza.com\/index.php?rest_route=\/wp\/v2\/media\/8587"}],"wp:attachment":[{"href":"https:\/\/pasaenmendoza.com\/index.php?rest_route=%2Fwp%2Fv2%2Fmedia&parent=8585"}],"wp:term":[{"taxonomy":"category","embeddable":true,"href":"https:\/\/pasaenmendoza.com\/index.php?rest_route=%2Fwp%2Fv2%2Fcategories&post=8585"},{"taxonomy":"post_tag","embeddable":true,"href":"https:\/\/pasaenmendoza.com\/index.php?rest_route=%2Fwp%2Fv2%2Ftags&post=8585"}],"curies":[{"name":"wp","href":"https:\/\/api.w.org\/{rel}","templated":true}]}}