{"id":8589,"date":"2024-07-13T02:43:12","date_gmt":"2024-07-13T00:43:12","guid":{"rendered":"https:\/\/pasaenmendoza.com\/?p=8589"},"modified":"2024-07-13T02:43:14","modified_gmt":"2024-07-13T00:43:14","slug":"ferias-de-emprendedores-mendocinos-en-vacaciones-de-invierno","status":"publish","type":"post","link":"https:\/\/pasaenmendoza.com\/?p=8589","title":{"rendered":"Ferias de emprendedores mendocinos en vacaciones de invierno"},"content":{"rendered":"\n<p>A lo largo de las vacaciones de invierno, dise\u00f1adores y emprendedores mendocinos&nbsp;<strong>expondr\u00e1n sus creaciones en diferentes encuentros en plazas y parques de la provincia<\/strong>.<\/p>\n\n\n\n<p>El primero de ellos se realizar\u00e1 en el&nbsp;<strong>reloj de Sol del Parque Central<\/strong>, el s\u00e1bado 13 y domingo 14 de julio, de 11 a 18. All\u00ed, m\u00e1s de 60 emprendedores, dise\u00f1adores y expositores ofrecer\u00e1n distintos productos exclusivos.<\/p>\n\n\n\n<p>Luego, del lunes 15 al domingo 21 de julio, se realizar\u00e1 la<strong>&nbsp;expo Vacaciones de Invierno<\/strong>, en el Paseo Los Robles, ubicado a metros del Rosedal del Parque General San Mart\u00edn. La misma contar\u00e1 con<strong>&nbsp;m\u00e1s de 60 stands<\/strong>.<\/p>\n\n\n\n<p>Por \u00faltimo, el mes finalizar\u00e1 con la<strong>&nbsp;expo Mendoceando<\/strong>, en la plaza Chile. Los d\u00edas 25, 26 y 27 de julio m\u00e1s de 70 emprendimientos estar\u00e1n en el coraz\u00f3n de la Ciudad de Mendoza.<\/p>\n\n\n\n<h2 class=\"wp-block-heading\" id=\"h-la-propuesta\">La propuesta<\/h2>\n\n\n\n<p>Entre los productos que se podr\u00e1n encontrar, se destacan: productos de bazar, mates, cuchillos, cueros y marroquiner\u00eda, tablas y productos en madera; cosm\u00e9tica, cremas, aceites esenciales y sahumerios; figuras de yeso y 3D; dise\u00f1o y decoraci\u00f3n, deco en macram\u00e9, cer\u00e1mica, y juguetes de madera y artesanales.<\/p>\n\n\n\n<p>En tanto, en esta edici\u00f3n se sumar\u00e1n propuestas de papeler\u00eda, stickers, librer\u00eda, accesorios de moda, lencer\u00eda, sublimados, anime y productos para las mascotas.<\/p>\n\n\n\n<p>Adem\u00e1s, participar\u00e1n emprendedores gastron\u00f3micos con diferentes productos artesanales.<\/p>\n\n\n\n<p>Por su parte, buscando generar una conciencia sustentable y amigable con el medio ambiente, emprendedores invitan a asistir con bolsa de compras, para lograr una disminuci\u00f3n en el uso de pl\u00e1sticos.<\/p>\n\n\n\n<p><strong>Fuente: www.elsol.com.ar<\/strong><\/p>\n","protected":false},"excerpt":{"rendered":"<p>A lo largo de las vacaciones de invierno, dise\u00f1adores y emprendedores mendocinos&nbsp;expondr\u00e1n sus creaciones en diferentes encuentros en plazas y parques de la provincia. El primero de ellos se realizar\u00e1 en el&nbsp;reloj de Sol del Parque Central, el s\u00e1bado 13 y domingo 14 de julio, de 11 a 18. All\u00ed, m\u00e1s de 60 emprendedores, dise\u00f1adores [&hellip;]<\/p>\n","protected":false},"author":2,"featured_media":8590,"comment_status":"open","ping_status":"open","sticky":false,"template":"","format":"standard","meta":[],"categories":[112],"tags":[],"_links":{"self":[{"href":"https:\/\/pasaenmendoza.com\/index.php?rest_route=\/wp\/v2\/posts\/8589"}],"collection":[{"href":"https:\/\/pasaenmendoza.com\/index.php?rest_route=\/wp\/v2\/posts"}],"about":[{"href":"https:\/\/pasaenmendoza.com\/index.php?rest_route=\/wp\/v2\/types\/post"}],"author":[{"embeddable":true,"href":"https:\/\/pasaenmendoza.com\/index.php?rest_route=\/wp\/v2\/users\/2"}],"replies":[{"embeddable":true,"href":"https:\/\/pasaenmendoza.com\/index.php?rest_route=%2Fwp%2Fv2%2Fcomments&post=8589"}],"version-history":[{"count":1,"href":"https:\/\/pasaenmendoza.com\/index.php?rest_route=\/wp\/v2\/posts\/8589\/revisions"}],"predecessor-version":[{"id":8591,"href":"https:\/\/pasaenmendoza.com\/index.php?rest_route=\/wp\/v2\/posts\/8589\/revisions\/8591"}],"wp:featuredmedia":[{"embeddable":true,"href":"https:\/\/pasaenmendoza.com\/index.php?rest_route=\/wp\/v2\/media\/8590"}],"wp:attachment":[{"href":"https:\/\/pasaenmendoza.com\/index.php?rest_route=%2Fwp%2Fv2%2Fmedia&parent=8589"}],"wp:term":[{"taxonomy":"category","embeddable":true,"href":"https:\/\/pasaenmendoza.com\/index.php?rest_route=%2Fwp%2Fv2%2Fcategories&post=8589"},{"taxonomy":"post_tag","embeddable":true,"href":"https:\/\/pasaenmendoza.com\/index.php?rest_route=%2Fwp%2Fv2%2Ftags&post=8589"}],"curies":[{"name":"wp","href":"https:\/\/api.w.org\/{rel}","templated":true}]}}