{"id":8598,"date":"2024-07-16T01:55:24","date_gmt":"2024-07-15T23:55:24","guid":{"rendered":"https:\/\/pasaenmendoza.com\/?p=8598"},"modified":"2024-07-16T01:55:25","modified_gmt":"2024-07-15T23:55:25","slug":"el-gobierno-definio-el-aumento-del-boleto-para-los-micros-media-y-larga-distancia-en-mendoza","status":"publish","type":"post","link":"https:\/\/pasaenmendoza.com\/?p=8598","title":{"rendered":"El Gobierno defini\u00f3 el aumento del boleto para los micros media y larga distancia en Mendoza"},"content":{"rendered":"\n<p>Luego de que la semana pasada el gobierno de Mendoza anunciara el aumento del pasaje del\u00a0<strong>transporte p\u00fablico\u00a0de colectivos<\/strong>\u00a0de Mendoza para la tarifa plana, que pasar\u00e1 a costar $650 desde el jueves 18 de julio; este lunes detall\u00f3 la suba en los boletos de<strong>\u00a0media y larga distancia\u00a0<\/strong>en la provincia.<\/p>\n\n\n\n<p>El incremento para los servicios de media y larga distancia provincial, en sus recorridos urbanos,&nbsp;<strong>ronda el 18% igual al aplicado en el \u00e1rea metropolitana,&nbsp;<\/strong>seg\u00fan lo especificado en el Bolet\u00edn Oficial mediante la resoluci\u00f3n 1.021.<\/p>\n\n\n\n<p>Desde la subsecretar\u00eda de Transporte anunciaron que &#8220;bajo la necesidad de mantener la sostenibilidad del sistema, se ha dispuesto un nuevo esquema tarifario&#8221;.<\/p>\n\n\n\n<p>Transporte mantendr\u00e1 los mismos tipos de abonos y atributos, cantidad de viajes, trasbordo gratuito y descuentos que est\u00e1n vigentes. El aumento de las tarifas se ir\u00e1 aplicando a medida que SUBE actualice las validadoras.<\/p>\n\n\n\n<h2 class=\"wp-block-heading\">Cuanto saldr\u00e1 desde el jueves el pasaje, promedio, desde la terminal de Mendoza<\/h2>\n\n\n\n<ul>\n<li>Lavalle $1.850<\/li>\n\n\n\n<li>Potrerillos: $2.900<\/li>\n\n\n\n<li>San Mart\u00edn: $ 2.150<\/li>\n\n\n\n<li>Jun\u00edn: $2.150<\/li>\n\n\n\n<li>Rivadavia: $2.900<\/li>\n\n\n\n<li>Santa Rosa: $3.150<\/li>\n\n\n\n<li>Las Catitas: $3.650<\/li>\n\n\n\n<li>La Paz: $6.050<\/li>\n\n\n\n<li>Uspallata: $7.550<\/li>\n\n\n\n<li>Las Cuevas: $8.850<\/li>\n\n\n\n<li>Tunuy\u00e1n: $6.050<\/li>\n\n\n\n<li>San Rafael: $10.050<\/li>\n\n\n\n<li>General Alvear: $13.850<\/li>\n\n\n\n<li>Malarg\u00fce: $18.750<\/li>\n\n\n\n<li>Las Le\u00f1as: $28.150<\/li>\n<\/ul>\n\n\n\n<p><strong>Fuente: www.diariouno.com.ar<\/strong><\/p>\n","protected":false},"excerpt":{"rendered":"<p>Luego de que la semana pasada el gobierno de Mendoza anunciara el aumento del pasaje del\u00a0transporte p\u00fablico\u00a0de colectivos\u00a0de Mendoza para la tarifa plana, que pasar\u00e1 a costar $650 desde el jueves 18 de julio; este lunes detall\u00f3 la suba en los boletos de\u00a0media y larga distancia\u00a0en la provincia. El incremento para los servicios de media [&hellip;]<\/p>\n","protected":false},"author":2,"featured_media":8599,"comment_status":"open","ping_status":"open","sticky":false,"template":"","format":"standard","meta":[],"categories":[80],"tags":[],"_links":{"self":[{"href":"https:\/\/pasaenmendoza.com\/index.php?rest_route=\/wp\/v2\/posts\/8598"}],"collection":[{"href":"https:\/\/pasaenmendoza.com\/index.php?rest_route=\/wp\/v2\/posts"}],"about":[{"href":"https:\/\/pasaenmendoza.com\/index.php?rest_route=\/wp\/v2\/types\/post"}],"author":[{"embeddable":true,"href":"https:\/\/pasaenmendoza.com\/index.php?rest_route=\/wp\/v2\/users\/2"}],"replies":[{"embeddable":true,"href":"https:\/\/pasaenmendoza.com\/index.php?rest_route=%2Fwp%2Fv2%2Fcomments&post=8598"}],"version-history":[{"count":1,"href":"https:\/\/pasaenmendoza.com\/index.php?rest_route=\/wp\/v2\/posts\/8598\/revisions"}],"predecessor-version":[{"id":8600,"href":"https:\/\/pasaenmendoza.com\/index.php?rest_route=\/wp\/v2\/posts\/8598\/revisions\/8600"}],"wp:featuredmedia":[{"embeddable":true,"href":"https:\/\/pasaenmendoza.com\/index.php?rest_route=\/wp\/v2\/media\/8599"}],"wp:attachment":[{"href":"https:\/\/pasaenmendoza.com\/index.php?rest_route=%2Fwp%2Fv2%2Fmedia&parent=8598"}],"wp:term":[{"taxonomy":"category","embeddable":true,"href":"https:\/\/pasaenmendoza.com\/index.php?rest_route=%2Fwp%2Fv2%2Fcategories&post=8598"},{"taxonomy":"post_tag","embeddable":true,"href":"https:\/\/pasaenmendoza.com\/index.php?rest_route=%2Fwp%2Fv2%2Ftags&post=8598"}],"curies":[{"name":"wp","href":"https:\/\/api.w.org\/{rel}","templated":true}]}}