{"id":8604,"date":"2024-07-16T21:43:58","date_gmt":"2024-07-16T19:43:58","guid":{"rendered":"https:\/\/pasaenmendoza.com\/?p=8604"},"modified":"2024-07-16T21:44:00","modified_gmt":"2024-07-16T19:44:00","slug":"no-es-zonda-el-viento-con-polvo-que-sopla-en-mendoza-la-explicacion-de-los-meteorologos","status":"publish","type":"post","link":"https:\/\/pasaenmendoza.com\/?p=8604","title":{"rendered":"No es Zonda el viento con polvo que sopla en Mendoza: la explicaci\u00f3n de los meteor\u00f3logos"},"content":{"rendered":"\n<p>La presencia de fuertes r\u00e1fagas de viento con polvo desde la ma\u00f1ana de este martes, hizo que muchos creyeran que era\u00a0<strong>viento Zonda<\/strong>, pero en realidad<strong>\u00a0se trata de otro fen\u00f3meno.\u00a0<\/strong>Esto causa que el polvo en suspensi\u00f3n, el smog y el humo no pueda estar en altura como habitualmente, y sea percibido por las personas. El doctor Federico Norte sostuvo que el fen\u00f3meno se denomina\u00a0<strong>viento Cuyano.<\/strong><\/p>\n\n\n\n<p>El viento que se siente en gran parte de Mendoza desde la media ma\u00f1ana de este martes es del\u00a0<strong>Sur y Sudeste a 25 kil\u00f3metros por hora<\/strong>, por lo que\u00a0<strong>no se trata de Zonda<\/strong>, a pesar que muchos pensaron que s\u00ed debido a la tierra que lleva para todos lados.<\/p>\n\n\n\n<p>El meteor\u00f3logo Mariano Garc\u00eda explic\u00f3: &#8220;Hay un sistema de alta presi\u00f3n que&nbsp;<strong>genera que se achate la capa l\u00edmite planetaria y eso hace que el polvo quede restringido a menos altura<\/strong>&#8220;.<\/p>\n\n\n\n<p>En este sentido detall\u00f3: &#8220;La capa l\u00edmite planetaria se forma de noche cuando<strong>&nbsp;el aire cercano a la tierra se enfr\u00eda<\/strong>&nbsp;lo que genera que ese aire est\u00e9 muy estable y&nbsp;<strong>se desacopla al aire que est\u00e1 por encima,<\/strong>&nbsp;con diferentes caracter\u00edsticas de temperatura y densidad&#8221;.<\/p>\n\n\n\n<p>Dijo que este sistema hace que&nbsp;<strong>la temperatura aumente y disminuya la humedad<\/strong>, lo que &#8220;fortalece esta divisi\u00f3n entre la capa l\u00edmite planetaria. De noche la tierra enfr\u00eda el aire cercano a superficie y la subsidencia calienta el aire por encima. Esa diferencia de temperatura es mayor y&nbsp;<strong>lo que hace que el humo, smog y polvo que se disipan para arriba ya no puedan hacerlo<\/strong>&#8220;.<\/p>\n\n\n\n<p>Agreg\u00f3 que la presencia de<strong>\u00a0Zonda en altura favorece a este efecto, pero confirm\u00f3 que no sopla en el llano.<\/strong><\/p>\n\n\n\n<p><strong>Fuente: www.diariouno.com.ar<\/strong><\/p>\n","protected":false},"excerpt":{"rendered":"<p>La presencia de fuertes r\u00e1fagas de viento con polvo desde la ma\u00f1ana de este martes, hizo que muchos creyeran que era\u00a0viento Zonda, pero en realidad\u00a0se trata de otro fen\u00f3meno.\u00a0Esto causa que el polvo en suspensi\u00f3n, el smog y el humo no pueda estar en altura como habitualmente, y sea percibido por las personas. El doctor [&hellip;]<\/p>\n","protected":false},"author":2,"featured_media":8605,"comment_status":"open","ping_status":"open","sticky":false,"template":"","format":"standard","meta":[],"categories":[52],"tags":[],"_links":{"self":[{"href":"https:\/\/pasaenmendoza.com\/index.php?rest_route=\/wp\/v2\/posts\/8604"}],"collection":[{"href":"https:\/\/pasaenmendoza.com\/index.php?rest_route=\/wp\/v2\/posts"}],"about":[{"href":"https:\/\/pasaenmendoza.com\/index.php?rest_route=\/wp\/v2\/types\/post"}],"author":[{"embeddable":true,"href":"https:\/\/pasaenmendoza.com\/index.php?rest_route=\/wp\/v2\/users\/2"}],"replies":[{"embeddable":true,"href":"https:\/\/pasaenmendoza.com\/index.php?rest_route=%2Fwp%2Fv2%2Fcomments&post=8604"}],"version-history":[{"count":1,"href":"https:\/\/pasaenmendoza.com\/index.php?rest_route=\/wp\/v2\/posts\/8604\/revisions"}],"predecessor-version":[{"id":8606,"href":"https:\/\/pasaenmendoza.com\/index.php?rest_route=\/wp\/v2\/posts\/8604\/revisions\/8606"}],"wp:featuredmedia":[{"embeddable":true,"href":"https:\/\/pasaenmendoza.com\/index.php?rest_route=\/wp\/v2\/media\/8605"}],"wp:attachment":[{"href":"https:\/\/pasaenmendoza.com\/index.php?rest_route=%2Fwp%2Fv2%2Fmedia&parent=8604"}],"wp:term":[{"taxonomy":"category","embeddable":true,"href":"https:\/\/pasaenmendoza.com\/index.php?rest_route=%2Fwp%2Fv2%2Fcategories&post=8604"},{"taxonomy":"post_tag","embeddable":true,"href":"https:\/\/pasaenmendoza.com\/index.php?rest_route=%2Fwp%2Fv2%2Ftags&post=8604"}],"curies":[{"name":"wp","href":"https:\/\/api.w.org\/{rel}","templated":true}]}}