{"id":8607,"date":"2024-07-16T21:48:43","date_gmt":"2024-07-16T19:48:43","guid":{"rendered":"https:\/\/pasaenmendoza.com\/?p=8607"},"modified":"2024-07-16T21:48:45","modified_gmt":"2024-07-16T19:48:45","slug":"liberaron-a-8-de-los-11-imputados-como-bandidos-rurales-que-operaron-en-el-este","status":"publish","type":"post","link":"https:\/\/pasaenmendoza.com\/?p=8607","title":{"rendered":"Liberaron a 8 de los 11 imputados como bandidos rurales que operaron en el Este"},"content":{"rendered":"\n<p>Con buenas y malas, al menos para la Fiscal\u00eda, avanza\u00a0la megacausa que investig\u00f3 a una presunta<strong>\u00a0banda de bandidos rurales\u00a0<\/strong>que habr\u00eda cometido varios robos en los primeros meses de este 2024 en el Este provincial. Un juez liber\u00f3 a la mayor\u00eda de los imputados en el expediente, aunque tambi\u00e9n confirm\u00f3 la calificaci\u00f3n legal y orden\u00f3 que contin\u00faen presos los m\u00e1s complicados.<\/p>\n\n\n\n<p>La pesquisa arranc\u00f3 a medidos de marzo de 2024 y se termin\u00f3 convirtiendo en un grueso expediente con\u00a0<strong>11 imputados por formar una asociaci\u00f3n il\u00edcita<\/strong>\u00a0donde cada uno ten\u00eda sus roles distribuidos: algunos concretaban los robos, otros ocultaban los elementos y otros los vend\u00edan en el mercado negro.<\/p>\n\n\n\n<p><strong>La Fiscal\u00eda departamental solicit\u00f3 la prisi\u00f3n preventiva de los once sospechosos de participar, de alguna u otra manera, de cerca de diez robos rurales ocurridos en los departamentos de La Paz y Santa Rosa. Claro que los abogados defensores se opusieron a la medida considerando que las pruebas son insuficientes.<\/strong><\/p>\n\n\n\n<p>En los \u00faltimos d\u00edas,\u00a0<strong>el juez Dar\u00edo Dal Dosso orden\u00f3 que contin\u00faen alojados en el penal el presunto l\u00edder del grupo de bandidos rurales Jos\u00e9<em>\u00a0Chino<\/em>\u00a0Quiroga (32), su hermano Alejandro Chipi Quiroga (30) y Juan L\u00f3pez (33). Pero consider\u00f3 que hab\u00eda falta de evidencia contra el camionero Jonathan Vargas (32), Gustavo Safarano (53), el carnicero Jos\u00e9 Escudero (33), Marcos Parrilla (26), H\u00e9ctor Fern\u00e1ndez (48), Hugo Lizarrga (40), el chofer Jos\u00e9 Cabello (44) y Armando Gim\u00e9nez (42), empleado de una cl\u00ednica de salud.<\/strong><\/p>\n\n\n\n<h2 class=\"wp-block-heading\">Bandidos rurales del Este provincial<\/h2>\n\n\n\n<p>En los primeros meses de este 2024 y hasta mediados de marzo se dieron<strong>&nbsp;una serie de robos en zonas rurales de Santa Rosa y La Paz.<\/strong>&nbsp;El modus operandi era similar en todos los casos:&nbsp;<strong>los delincuentes ingresaban en fincas y hasta escuelas en horarios nocturnos, evitando cruzarse con las v\u00edctimas. De esta forma se llevaban lo que ten\u00edan a su paso: herramientas, cables, bombas de agua y hasta ganado.<\/strong><\/p>\n\n\n\n<p>Los sucesivos hechos sorprendieron a los vecinos, acostumbrados a que en estas zonas rurales no ocurran hechos de inseguridad. Tal es as\u00ed que se realizaron hasta movilizaciones exigiendo respuestas a las autoridades.<\/p>\n\n\n\n<p>El 5 de junio se realiz\u00f3 una investigaci\u00f3n basada principalmente en escuchas telef\u00f3nicas donde&nbsp;<strong>se efectuaron quince allanamientos<\/strong>. La mayor\u00eda de ellos fueron en un&nbsp;<strong>asentamiento ubicado en Las Catitas.<\/strong>&nbsp;En los procedimientos<strong>&nbsp;recuperaron varios de los elementos sustra\u00eddos.<\/strong><\/p>\n\n\n\n<p>Tambi\u00e9n se recuperaron<strong>\u00a0varias herramientas y bombas de agua de fincas de la zona.\u00a0<\/strong>Esto produc\u00eda una doble afecci\u00f3n a las v\u00edctimas ya que adem\u00e1s de quedarse sin esos elementos que son costosos, pero adem\u00e1s<strong>\u00a0derivaba en que los animales se mor\u00edan deshidratados.<\/strong><\/p>\n\n\n\n<p>En relaci\u00f3n ese \u00faltimo punto,&nbsp;<strong>los delincuentes a veces sustra\u00edan el ganado y luego lo terminaban faenando para venderlo en forma clandestina. En la carnicer\u00eda de Escudero, ubicada en Santa Rosa, encontraron cortes de carne en mal estado y no pod\u00edan justificar su procedencia.<\/strong><\/p>\n\n\n\n<p>Tambi\u00e9n se incautaron cinco armas de fuego, aunque en casi ninguno de los hechos hubo enfrentamiento armado, excepto en uno ocurrido en la finca Pe\u00f1aflor donde los malvivientes se dispararon con los caseros del lugar.<\/p>\n\n\n\n<p><strong>Fuente: www.diariouno.com.ar<\/strong><\/p>\n","protected":false},"excerpt":{"rendered":"<p>Con buenas y malas, al menos para la Fiscal\u00eda, avanza\u00a0la megacausa que investig\u00f3 a una presunta\u00a0banda de bandidos rurales\u00a0que habr\u00eda cometido varios robos en los primeros meses de este 2024 en el Este provincial. Un juez liber\u00f3 a la mayor\u00eda de los imputados en el expediente, aunque tambi\u00e9n confirm\u00f3 la calificaci\u00f3n legal y orden\u00f3 que [&hellip;]<\/p>\n","protected":false},"author":2,"featured_media":8608,"comment_status":"open","ping_status":"open","sticky":false,"template":"","format":"standard","meta":[],"categories":[48],"tags":[],"_links":{"self":[{"href":"https:\/\/pasaenmendoza.com\/index.php?rest_route=\/wp\/v2\/posts\/8607"}],"collection":[{"href":"https:\/\/pasaenmendoza.com\/index.php?rest_route=\/wp\/v2\/posts"}],"about":[{"href":"https:\/\/pasaenmendoza.com\/index.php?rest_route=\/wp\/v2\/types\/post"}],"author":[{"embeddable":true,"href":"https:\/\/pasaenmendoza.com\/index.php?rest_route=\/wp\/v2\/users\/2"}],"replies":[{"embeddable":true,"href":"https:\/\/pasaenmendoza.com\/index.php?rest_route=%2Fwp%2Fv2%2Fcomments&post=8607"}],"version-history":[{"count":1,"href":"https:\/\/pasaenmendoza.com\/index.php?rest_route=\/wp\/v2\/posts\/8607\/revisions"}],"predecessor-version":[{"id":8609,"href":"https:\/\/pasaenmendoza.com\/index.php?rest_route=\/wp\/v2\/posts\/8607\/revisions\/8609"}],"wp:featuredmedia":[{"embeddable":true,"href":"https:\/\/pasaenmendoza.com\/index.php?rest_route=\/wp\/v2\/media\/8608"}],"wp:attachment":[{"href":"https:\/\/pasaenmendoza.com\/index.php?rest_route=%2Fwp%2Fv2%2Fmedia&parent=8607"}],"wp:term":[{"taxonomy":"category","embeddable":true,"href":"https:\/\/pasaenmendoza.com\/index.php?rest_route=%2Fwp%2Fv2%2Fcategories&post=8607"},{"taxonomy":"post_tag","embeddable":true,"href":"https:\/\/pasaenmendoza.com\/index.php?rest_route=%2Fwp%2Fv2%2Ftags&post=8607"}],"curies":[{"name":"wp","href":"https:\/\/api.w.org\/{rel}","templated":true}]}}