{"id":8610,"date":"2024-07-16T21:53:07","date_gmt":"2024-07-16T19:53:07","guid":{"rendered":"https:\/\/pasaenmendoza.com\/?p=8610"},"modified":"2024-07-16T21:53:08","modified_gmt":"2024-07-16T19:53:08","slug":"el-intendente-de-san-carlos-analiza-un-proyecto-de-drones-antigranizo-como-alternativa-para-el-valle-de-uco","status":"publish","type":"post","link":"https:\/\/pasaenmendoza.com\/?p=8610","title":{"rendered":"El intendente de San Carlos analiza un proyecto de drones antigranizo como alternativa para el Valle de Uco"},"content":{"rendered":"\n<p><strong>San Carlos<\/strong>\u00a0aprovech\u00f3 la discusi\u00f3n por el fin (o no) de la\u00a0<strong>lucha antigranizo<\/strong>\u00a0con aviones para estudiar una alternativa que present\u00f3 un privado: la siembra de nubes con\u00a0<strong>drones<\/strong>. El intendente Alejandro Morillas confi\u00f3 que analiza el proyecto para present\u00e1rselo a Alfredo Cornejo.<\/p>\n\n\n\n<p>En el\u00a0<strong>Valle de Uco<\/strong>, por su geograf\u00eda, no sobrevolaban los aviones de la lucha antigranizo que el ministro de Producci\u00f3n, Rodolfo Vargas Arizu, dio por terminada. La prevenci\u00f3n en esta zona se ejecuta solamente a trav\u00e9s de generadores de superficie, que no son suficientes, por lo que esta nueva opci\u00f3n que se presenta es vista con muy buenos ojos.<\/p>\n\n\n\n<p>&#8220;Tenemos 11 generadores de los cuales solo funcionan 8. Para que la lucha fuera realmente efectiva&nbsp;<strong>necesitar\u00edamos unos 50<\/strong>, pero cuestan 50.000 d\u00f3lares cada uno&#8221;, cont\u00f3 Morillas para graficar por qu\u00e9 esta alternativa de drones antigranizos asoma como plausible.<\/p>\n\n\n\n<h2 class=\"wp-block-heading\">Siembra de nubes a menor costo y riesgo: \u00bfes posible?<\/h2>\n\n\n\n<p>Es lo que se est\u00e1 estudiando en la Municipalidad de San Carlos, en conjunto con la&nbsp;<strong>Sociedad Rural&nbsp;<\/strong>del Valle de Uco.<\/p>\n\n\n\n<p>Morillas revel\u00f3 que<strong>&nbsp;es una empresa la que present\u00f3 la propuesta que est\u00e1 siendo analizada a fondo<\/strong>, especialmente en lo que refiere a costos y a efectividad.<\/p>\n\n\n\n<p>&#8220;En principio,&nbsp;<strong>sembrar nubes con drones no solo bajar\u00eda los costos de la lucha antigranizo, sino tambi\u00e9n los riesgos<\/strong>, porque no tendr\u00edas pilotos meti\u00e9ndose en medio de tormentas peligrosas&#8221;, analiz\u00f3 el intendente.<\/p>\n\n\n\n<p><strong>&#8220;Ellos dicen que es viable&#8221;<\/strong>, dijo sobre el particular que present\u00f3 la propuesta, cuya raz\u00f3n social a\u00fan se mantiene bajo llave.<\/p>\n\n\n\n<p><strong>La intenci\u00f3n de Morillas es preparar esta propuesta de manera seria para present\u00e1rsela al gobernador.<\/strong>\u00a0\u00bfPor qu\u00e9? Porque por los costos que se manejan, aunque sean mucho menores a los de la lucha con aviones o a la compra de generadores, para el\u00a0<strong>municipio\u00a0<\/strong>en soledad ser\u00eda &#8220;muy dif\u00edcil&#8221; afrontarlo.<\/p>\n\n\n\n<p>&#8220;Quiz\u00e1s podr\u00edamos manejar algo en conjunto&#8221;, se anim\u00f3 a pensar involucrando a la Provincia.<\/p>\n\n\n\n<p>Cornejo ya dijo que a aquellos intendentes que prefieran mantener la lucha activa &#8220;no los vamos a dejar solos&#8221; y que espera que le presenten&nbsp;<strong>propuestas&nbsp;<\/strong>para analizar de qu\u00e9 manera se podr\u00eda colaborar.<\/p>\n\n\n\n<p>As\u00ed como&nbsp;<strong>San Rafael y General Alvear analizan costos<\/strong>&nbsp;para decidir si conservan o no algunos aviones para el Sur;&nbsp;<strong>San Carlos<\/strong>&nbsp;tambi\u00e9n activ\u00f3 una alternativa que, por ahora, asoma como &#8220;buena&#8221;, seg\u00fan su intendente.<\/p>\n\n\n\n<h2 class=\"wp-block-heading\">Se reflota un proyecto de la UNCuyo<\/h2>\n\n\n\n<p>Ya en 2021,&nbsp;<strong>los diputados sancarlinos Jorge Difonso y Mauricio Torres&nbsp;<\/strong>hab\u00edan presentado un proyecto para que se cree un sistema de lucha antigranizo con aviones no tripulados o drones.<\/p>\n\n\n\n<p>Seg\u00fan record\u00f3 Difonso, la propuesta fue desarrollada con t\u00e9cnicos e ingenieros de la&nbsp;<strong>Facultad de Ciencias Aplicadas a la Industria<\/strong>, dependiente de la Universidad Nacional de Cuyo.<\/p>\n\n\n\n<p>&#8220;Es necesaria la malla, el seguro, los aviones y de ser posible el drone, porque el objetivo es mitigar el da\u00f1o&#8221;, afirm\u00f3.<\/p>\n\n\n\n<p><strong>Fuente: www.diariouno.com.ar<\/strong><\/p>\n","protected":false},"excerpt":{"rendered":"<p>San Carlos\u00a0aprovech\u00f3 la discusi\u00f3n por el fin (o no) de la\u00a0lucha antigranizo\u00a0con aviones para estudiar una alternativa que present\u00f3 un privado: la siembra de nubes con\u00a0drones. El intendente Alejandro Morillas confi\u00f3 que analiza el proyecto para present\u00e1rselo a Alfredo Cornejo. En el\u00a0Valle de Uco, por su geograf\u00eda, no sobrevolaban los aviones de la lucha antigranizo [&hellip;]<\/p>\n","protected":false},"author":2,"featured_media":8611,"comment_status":"open","ping_status":"open","sticky":false,"template":"","format":"standard","meta":[],"categories":[87],"tags":[],"_links":{"self":[{"href":"https:\/\/pasaenmendoza.com\/index.php?rest_route=\/wp\/v2\/posts\/8610"}],"collection":[{"href":"https:\/\/pasaenmendoza.com\/index.php?rest_route=\/wp\/v2\/posts"}],"about":[{"href":"https:\/\/pasaenmendoza.com\/index.php?rest_route=\/wp\/v2\/types\/post"}],"author":[{"embeddable":true,"href":"https:\/\/pasaenmendoza.com\/index.php?rest_route=\/wp\/v2\/users\/2"}],"replies":[{"embeddable":true,"href":"https:\/\/pasaenmendoza.com\/index.php?rest_route=%2Fwp%2Fv2%2Fcomments&post=8610"}],"version-history":[{"count":1,"href":"https:\/\/pasaenmendoza.com\/index.php?rest_route=\/wp\/v2\/posts\/8610\/revisions"}],"predecessor-version":[{"id":8612,"href":"https:\/\/pasaenmendoza.com\/index.php?rest_route=\/wp\/v2\/posts\/8610\/revisions\/8612"}],"wp:featuredmedia":[{"embeddable":true,"href":"https:\/\/pasaenmendoza.com\/index.php?rest_route=\/wp\/v2\/media\/8611"}],"wp:attachment":[{"href":"https:\/\/pasaenmendoza.com\/index.php?rest_route=%2Fwp%2Fv2%2Fmedia&parent=8610"}],"wp:term":[{"taxonomy":"category","embeddable":true,"href":"https:\/\/pasaenmendoza.com\/index.php?rest_route=%2Fwp%2Fv2%2Fcategories&post=8610"},{"taxonomy":"post_tag","embeddable":true,"href":"https:\/\/pasaenmendoza.com\/index.php?rest_route=%2Fwp%2Fv2%2Ftags&post=8610"}],"curies":[{"name":"wp","href":"https:\/\/api.w.org\/{rel}","templated":true}]}}