{"id":8613,"date":"2024-07-16T22:04:09","date_gmt":"2024-07-16T20:04:09","guid":{"rendered":"https:\/\/pasaenmendoza.com\/?p=8613"},"modified":"2024-07-16T22:04:11","modified_gmt":"2024-07-16T20:04:11","slug":"futbol-libre-y-megadeportes-que-dijo-el-abogado-del-mendocino-detenido-por-las-transmisiones-ilegales","status":"publish","type":"post","link":"https:\/\/pasaenmendoza.com\/?p=8613","title":{"rendered":"F\u00fatbol Libre y Megadeportes: qu\u00e9 dijo el abogado del mendocino detenido por las transmisiones ilegales"},"content":{"rendered":"\n<p>Marcelo Canale, el abogado defensor del mendocino que esta semana fue detenido por las transmisiones ilegales a trav\u00e9s de plataformas como\u00a0<strong>F\u00fatbol Libre<\/strong>, explic\u00f3 que\u00a0<strong>Ezequiel Ponce<\/strong>\u00a0-el joven de 21 a\u00f1os que hab\u00eda sido capturado el domingo- qued\u00f3 desvinculado del delito que se le imputaba y por lo tanto volvi\u00f3 a su casa.<\/p>\n\n\n\n<p>&#8220;Es un\u00a0<strong>excelente estudiante<\/strong>\u00a0y ha colaborado con la universidad en algunas ocasiones a ra\u00edz de su\u00a0<em>expertise<\/em>&#8220;, dijo el letrado, en referencia al muchacho que estudia Ciencias Pol\u00edticas en la UNCuyo y que hab\u00eda logrado<strong>\u00a0vulnerar la seguridad de DirecTV<\/strong>, lo que origin\u00f3 que miles de usuarios pudieran acceder al contenido<strong>\u00a0de forma gratuita<\/strong>.<\/p>\n\n\n\n<h2 class=\"wp-block-heading\">&#8220;Tiene un don especial&#8221;<\/h2>\n\n\n\n<p>&#8220;Acreditamos despu\u00e9s de casi 5 horas de audiencia que Ezequiel\u00a0<strong>es un chico con un don especial<\/strong>&#8220;, dijo el representante legal luego de que su pupilo fuera trasladado a Buenos Aires para ser interrogado.<\/p>\n\n\n\n<p><strong>&#8220;Hay que diferenciar lo que es un&nbsp;<em>hacker&nbsp;<\/em>de un&nbsp;<em>cracker&#8221;<\/em><\/strong>, sum\u00f3.<\/p>\n\n\n\n<p>El matiz es importante: un&nbsp;<strong>hacker<\/strong>&nbsp;explora y mejora sistemas inform\u00e1ticos con intenciones \u00e9ticas, mientras que un&nbsp;<strong>cracker<\/strong>&nbsp;explota vulnerabilidades con fines maliciosos o destructivos.<\/p>\n\n\n\n<p>Ezequiel estar\u00eda entre los primeros. &#8220;\u00c9l es titular de&nbsp;<strong>Megadeportes<\/strong>, pero no es cierto que sea el creador de F\u00fatbol Libre.&nbsp;<strong>La gente de F\u00fatbol Libre levantaba esos contenidos<\/strong>&nbsp;y los distribu\u00eda&#8221;, deslind\u00f3 el letrado.<\/p>\n\n\n\n<p>&#8220;Consigui\u00f3 acceder al sistema de DirecTV por un error en el token, pod\u00eda ver los partidos y explic\u00f3 que su intenci\u00f3n era que quienes no pod\u00edan verlos accedieran.&nbsp;<strong>Pero no obtuvo r\u00e9dito econ\u00f3mico<\/strong>&#8220;, a\u00f1adi\u00f3.<\/p>\n\n\n\n<p>Asimismo, explic\u00f3 que Ezequiel\u00a0<strong>ya no est\u00e1 acusado de estafa<\/strong>. En consecuencia, y teniendo en cuenta que sus cargos son m\u00e1s leves, recuper\u00f3 la libertad.<\/p>\n\n\n\n<h2 class=\"wp-block-heading\">&#8220;Los profesores le pagaron el pasaje de vuelta&#8221;<\/h2>\n\n\n\n<p>M\u00e1s tarde, durante una entrevista con el programa &#8220;Primeras Voces&#8221; (Radio Nihuil), Canale comunic\u00f3 que&nbsp;<strong>Ezequiel llega este martes a Mendoza<\/strong>. &#8220;Va a volver con un pasaje que le pagaron sus profesores de la universidad&#8221;, asever\u00f3.<\/p>\n\n\n\n<p>&#8220;Tanto el fiscal&nbsp;<strong>Alejandro Musso<\/strong>&nbsp;-de la Unidad Fiscal Especializada en investigaciones de ciberdelitos- como los representantes de las empresas se equivocaron&#8221;, insisti\u00f3 el abogado, aludiendo a que en un momento se defini\u00f3 al acusado como un&nbsp;<strong>delincuente<\/strong>.<\/p>\n\n\n\n<p>&#8220;No es as\u00ed. Fue preguntado por la Fiscal\u00eda y \u00e9l manifest\u00f3 que&nbsp;<strong>lo hac\u00eda por hobby<\/strong>&nbsp;y para que nadie se quedara sin ver los partidos de f\u00fatbol. Lo que no manej\u00f3 era que m\u00e1s all\u00e1 de compartirlo con sus amigos y los amigos de sus amigos, lo que public\u00f3&nbsp;<strong>termin\u00f3 siendo levantado por p\u00e1ginas como F\u00fatbol Libre<\/strong>&nbsp;que reproduc\u00edan los contenidos&#8221;, analiz\u00f3 Canale.<\/p>\n\n\n\n<p>&#8220;Si yo fuera directivo (de esas empresas), contrato a este pibe y ech\u00f3 a todos los dem\u00e1s&#8221;, sintetiz\u00f3 el entrevistado. Y aventur\u00f3: &#8220;Yo creo que va a tener que ser incorporado al&nbsp;<strong>Ministerio de Seguridad<\/strong>; deber\u00e1n integrarlo seguramente en el \u00e1rea espec\u00edfica&#8221;.<\/p>\n\n\n\n<h2 class=\"wp-block-heading\">C\u00f3mo fue el operativo para detenerlo<\/h2>\n\n\n\n<p>La Polic\u00eda Federal allan\u00f3 el 11 de julio la casa de Ezequiel en una&nbsp;<strong>barriada popular<\/strong>&nbsp;del Gran Mendoza.<\/p>\n\n\n\n<p>En un operativo inesperado -mientras miles de personas buscaban ver en alg\u00fan lado el partido de Uruguay y Colombia por la\u00a0<strong>Copa Am\u00e9rica<\/strong>-, la Justicia Federal realiz\u00f3 un\u00a0<strong>allanamiento<\/strong>\u00a0en la casa de\u00a0<strong>Godoy Cruz<\/strong>\u00a0donde captur\u00f3 al presunto -ya comprobado que no es-\u00a0creador y administrador\u00a0de\u00a0<strong>F\u00fatbol Libre.<\/strong>\u00a0Adem\u00e1s, se orden\u00f3 el bloqueo de m\u00e1s de 50 dominios utilizados para la transmisi\u00f3n de encuentros deportivos de manera ilegal.<\/p>\n\n\n\n<p>El operativo fue ordenado por&nbsp;<strong>Alejandro Musso<\/strong>, fiscal de Cibercrimen en la Unidad Fiscal Especializada en la Investigaci\u00f3n de Ciberdelitos (UFEIC), luego de una denuncia realizada por la&nbsp;<strong>Alianza Contra la Pirater\u00eda Audiovisual (Alianza)<\/strong>, organismo que se centra en regular la distribuci\u00f3n de contenidos online para evitar maniobras de&nbsp;<strong>pirater\u00eda<\/strong>&nbsp;que perjudican a las&nbsp;<strong>empresas que tienen los derechos<\/strong>&nbsp;de dichas transmisiones.<\/p>\n\n\n\n<p>En el allanamiento en la casa del entonces sospechoso, secuestraron una computadora, pendrives y otros elementos que<strong>&nbsp;podr\u00edan contener informaci\u00f3n sobre la administraci\u00f3n de los canales que utilizan para reproducir el contenido de manera ilegal<\/strong>&nbsp;y los movimientos de dinero que obtienen por publicidad en sus sitios ilegales.<\/p>\n\n\n\n<p><strong>El mendocino en ese momento fue detenido por violar el derecho a la propiedad intelectual<\/strong>, reglamentado en la Ley 11.723, y trasladado inmediatamente hacia la Ciudad de Buenos Aires.<\/p>\n\n\n\n<p>Una vez que se termin\u00f3 con el operativo en Godoy Cruz, la Justicia orden\u00f3 el\u00a0<strong>bloqueo de todos los sitios<\/strong>\u00a0asociados a\u00a0<strong>F\u00fatbol Libre y Megadeportes<\/strong>, plataformas de\u00a0<strong>streaming ilegal<\/strong>\u00a0de eventos deportivos m\u00e1s popular.<\/p>\n\n\n\n<p><strong>Fuente: www.diariouno.com.ar<\/strong><\/p>\n","protected":false},"excerpt":{"rendered":"<p>Marcelo Canale, el abogado defensor del mendocino que esta semana fue detenido por las transmisiones ilegales a trav\u00e9s de plataformas como\u00a0F\u00fatbol Libre, explic\u00f3 que\u00a0Ezequiel Ponce\u00a0-el joven de 21 a\u00f1os que hab\u00eda sido capturado el domingo- qued\u00f3 desvinculado del delito que se le imputaba y por lo tanto volvi\u00f3 a su casa. &#8220;Es un\u00a0excelente estudiante\u00a0y ha [&hellip;]<\/p>\n","protected":false},"author":2,"featured_media":8614,"comment_status":"open","ping_status":"open","sticky":false,"template":"","format":"standard","meta":[],"categories":[60],"tags":[],"_links":{"self":[{"href":"https:\/\/pasaenmendoza.com\/index.php?rest_route=\/wp\/v2\/posts\/8613"}],"collection":[{"href":"https:\/\/pasaenmendoza.com\/index.php?rest_route=\/wp\/v2\/posts"}],"about":[{"href":"https:\/\/pasaenmendoza.com\/index.php?rest_route=\/wp\/v2\/types\/post"}],"author":[{"embeddable":true,"href":"https:\/\/pasaenmendoza.com\/index.php?rest_route=\/wp\/v2\/users\/2"}],"replies":[{"embeddable":true,"href":"https:\/\/pasaenmendoza.com\/index.php?rest_route=%2Fwp%2Fv2%2Fcomments&post=8613"}],"version-history":[{"count":1,"href":"https:\/\/pasaenmendoza.com\/index.php?rest_route=\/wp\/v2\/posts\/8613\/revisions"}],"predecessor-version":[{"id":8615,"href":"https:\/\/pasaenmendoza.com\/index.php?rest_route=\/wp\/v2\/posts\/8613\/revisions\/8615"}],"wp:featuredmedia":[{"embeddable":true,"href":"https:\/\/pasaenmendoza.com\/index.php?rest_route=\/wp\/v2\/media\/8614"}],"wp:attachment":[{"href":"https:\/\/pasaenmendoza.com\/index.php?rest_route=%2Fwp%2Fv2%2Fmedia&parent=8613"}],"wp:term":[{"taxonomy":"category","embeddable":true,"href":"https:\/\/pasaenmendoza.com\/index.php?rest_route=%2Fwp%2Fv2%2Fcategories&post=8613"},{"taxonomy":"post_tag","embeddable":true,"href":"https:\/\/pasaenmendoza.com\/index.php?rest_route=%2Fwp%2Fv2%2Ftags&post=8613"}],"curies":[{"name":"wp","href":"https:\/\/api.w.org\/{rel}","templated":true}]}}