{"id":8620,"date":"2024-07-17T23:50:02","date_gmt":"2024-07-17T21:50:02","guid":{"rendered":"https:\/\/pasaenmendoza.com\/?p=8620"},"modified":"2024-07-17T23:50:03","modified_gmt":"2024-07-17T21:50:03","slug":"la-uncuyo-comunico-cuando-seran-las-inscripciones-para-10-de-sus-facultades","status":"publish","type":"post","link":"https:\/\/pasaenmendoza.com\/?p=8620","title":{"rendered":"La UNCuyo comunic\u00f3 cu\u00e1ndo ser\u00e1n las inscripciones para 10 de sus facultades"},"content":{"rendered":"\n<p><span style=\"color: rgb(48, 48, 48); font-family: inherit; font-size: 1.125em; font-style: inherit; font-variant-ligatures: inherit; font-variant-caps: inherit; font-weight: inherit;\">En las puertas del segundo semestre del a\u00f1o, las facultades de la\u00a0<\/span><span style=\"color: rgb(48, 48, 48); font-family: inherit; font-size: 1.125em; font-style: inherit; font-variant: inherit; box-sizing: inherit; font-weight: 700; font-stretch: inherit; line-height: inherit; font-optical-sizing: inherit; font-kerning: inherit; font-feature-settings: inherit; font-variation-settings: inherit; margin: 0px; padding: 0px; vertical-align: baseline; border: 0px;\">UNCuyo<\/span><span style=\"color: rgb(48, 48, 48); font-family: inherit; font-size: 1.125em; font-style: inherit; font-variant-ligatures: inherit; font-variant-caps: inherit; font-weight: inherit;\">\u00a0ya han comenzado a movilizar a sus aspirantes para que se informen acerca de las fechas de<\/span><span style=\"color: rgb(48, 48, 48); font-family: inherit; font-size: 1.125em; font-style: inherit; font-variant: inherit; box-sizing: inherit; font-weight: 700; font-stretch: inherit; line-height: inherit; font-optical-sizing: inherit; font-kerning: inherit; font-feature-settings: inherit; font-variation-settings: inherit; margin: 0px; padding: 0px; vertical-align: baseline; border: 0px;\">\u00a0inscripciones<\/span><span style=\"color: rgb(48, 48, 48); font-family: inherit; font-size: 1.125em; font-style: inherit; font-variant-ligatures: inherit; font-variant-caps: inherit; font-weight: inherit;\">\u00a0en sus m\u00e1s de 12 facultades. En algunas, como Ciencias Aplicadas a la Industria, las inscripciones ya est\u00e1n abiertas. En otras, como Ciencias Exactas, comienzan el 23 de julio.<\/span><article class=\"article-body\" style=\"box-sizing: inherit; font-style: inherit; font-variant: inherit; font-weight: inherit; font-stretch: inherit; line-height: inherit; font-family: inherit; font-optical-sizing: inherit; font-kerning: inherit; font-feature-settings: inherit; font-variation-settings: inherit; font-size: 16px; margin: 0px; padding: 0px; vertical-align: baseline; border: 0px;\"><div class=\"article-content\" style=\"box-sizing: inherit; font-style: inherit; font-variant: inherit; font-weight: inherit; font-stretch: inherit; line-height: inherit; font-family: inherit; font-optical-sizing: inherit; font-kerning: inherit; font-feature-settings: inherit; font-variation-settings: inherit; margin: 0px; padding: 0px; vertical-align: baseline; border: 0px;\"><div class=\"cuerpo\" data-twitter-link=\"\" style=\"box-sizing: inherit; font-style: inherit; font-variant: inherit; font-weight: inherit; font-stretch: inherit; line-height: inherit; font-family: inherit; font-optical-sizing: inherit; font-kerning: inherit; font-feature-settings: inherit; font-variation-settings: inherit; margin: 0px; padding: 0px; vertical-align: baseline; border: 0px;\"><p style=\"box-sizing: inherit; font-variant-numeric: inherit; font-variant-east-asian: inherit; font-variant-alternates: inherit; font-variant-position: inherit; font-stretch: inherit; line-height: 1.75rem; font-family: Roboto, &quot;Helvetica Neue&quot;, Arial, sans-serif; font-optical-sizing: inherit; font-kerning: inherit; font-feature-settings: inherit; font-variation-settings: inherit; font-size: 1.125em; margin: 0px 0px 1.875rem; padding: 0px; vertical-align: baseline; border: 0px; color: rgb(48, 48, 48); white-space-collapse: collapse;\">En cambio para quienes desean optar por la oferta educativa de los Institutos de\u00a0<span style=\"box-sizing: inherit; font-style: inherit; font-variant: inherit; font-weight: 700; font-stretch: inherit; line-height: inherit; font-family: inherit; font-optical-sizing: inherit; font-kerning: inherit; font-feature-settings: inherit; font-variation-settings: inherit; margin: 0px; padding: 0px; vertical-align: baseline; border: 0px;\">Tecnolog\u00eda Universitaria (ITU) o el Balseiro<\/span>, la inscripci\u00f3n a\u00fan no est\u00e1 definida.<\/p><\/div><\/div><\/article><\/p>\n\n\n\n<h2 class=\"wp-block-heading\">Cuando inscribirse y en qu\u00e9 carreras de la UNCuyo<\/h2>\n\n\n\n<h3 class=\"wp-block-heading\"><strong>Facultad de Artes y Dise\u00f1o<\/strong><\/h3>\n\n\n\n<p>Las inscripciones ser\u00e1n del 26 de agosto al 30 de septiembre<\/p>\n\n\n\n<p><strong>Artes del Espect\u00e1culo:<\/strong><\/p>\n\n\n\n<p>\u2022 Dise\u00f1o Escenogr\u00e1fico<\/p>\n\n\n\n<p>\u2022 Licenciatura en Arte Dram\u00e1tico<\/p>\n\n\n\n<p>\u2022 Profesorado de grado universitario de Teatro<\/p>\n\n\n\n<p>\u2022 Ciclo profesorado de grado universitario de Escenograf\u00eda<\/p>\n\n\n\n<p><strong>Artes Visuales:<\/strong><\/p>\n\n\n\n<p>\u2022 Licenciatura en Artes Pl\u00e1sticas<\/p>\n\n\n\n<p>\u2022 Licenciatura en Historia de las Artes Pl\u00e1sticas<\/p>\n\n\n\n<p>\u2022 Profesorado de grado universitario en Historia de las Artes Visuales<\/p>\n\n\n\n<p>\u2022 Profesorado de grado universitario en Historia del Arte<\/p>\n\n\n\n<p>M\u00e1s informaci\u00f3n: https:\/\/fad.uncuyo.edu.ar\/ingreso\/<\/p>\n\n\n\n<h3 class=\"wp-block-heading\">Facultad de Ciencias Econ\u00f3micas<\/h3>\n\n\n\n<p>Las inscripciones ser\u00e1n del 2 al 23 de septiembre (modalidad intensiva) y del 4 al 15 de noviembre (modalidad libre)<\/p>\n\n\n\n<p>\u2022 Contador P\u00fablico (Mendoza y San Rafael)<\/p>\n\n\n\n<p>\u2022 Licenciatura en Administraci\u00f3n (Mendoza)<\/p>\n\n\n\n<p>\u2022 Licenciatura en Econom\u00eda (Mendoza)<\/p>\n\n\n\n<p>\u2022 Licenciatura en Log\u00edstica (Mendoza y Jun\u00edn)<\/p>\n\n\n\n<p>\u2022 Ciclo de Licenciatura en Gesti\u00f3n de Negocios Regionales (General Alvear y Jun\u00edn)<\/p>\n\n\n\n<p>\u2022 Contador P\u00fablico Nacional y Perito Partidor (Vigente de 4\u00b0 a 5\u00b0 a\u00f1o)<\/p>\n\n\n\n<p>M\u00e1s informaci\u00f3n: https:\/\/fce.uncuyo.edu.ar\/ingreso<\/p>\n\n\n\n<h3 class=\"wp-block-heading\">Facultad de Derecho<\/h3>\n\n\n\n<p>Las inscripciones ser\u00e1n desde el 2 al 30 de septiembre.<\/p>\n\n\n\n<p>\u2022 Abogac\u00eda<\/p>\n\n\n\n<p>\u2022 Tecnicatura universitaria en Gesti\u00f3n de Edificios de Propiedad Horizontal y Conjuntos Inmobiliarios<\/p>\n\n\n\n<p>M\u00e1s informaci\u00f3n: https:\/\/derecho.uncuyo.edu.ar\/ingreso<\/p>\n\n\n\n<h3 class=\"wp-block-heading\">Facultad de Odontolog\u00eda<\/h3>\n\n\n\n<p>Las inscripciones ser\u00e1n desde el 5 al 16 de agosto-<\/p>\n\n\n\n<p>\u2022 Odontolog\u00eda<\/p>\n\n\n\n<p>\u2022 Tecnicatura universitaria en Pr\u00f3tesis Dental<\/p>\n\n\n\n<h3 class=\"wp-block-heading\">Facultad de Educaci\u00f3n<\/h3>\n\n\n\n<p>Las inscripciones ser\u00e1n desde el 26 de agosto hasta el 27 de septiembre.<\/p>\n\n\n\n<p>\u2022 Profesorado universitario de Educaci\u00f3n Primaria<\/p>\n\n\n\n<p>\u2022 Profesorado universitario de Educaci\u00f3n Inicial<\/p>\n\n\n\n<p>\u2022 Profesorado universitario de Educaci\u00f3n para Personas Sordas<\/p>\n\n\n\n<p>\u2022 Profesorado universitario de Pedagog\u00eda Terap\u00e9utica en Discapacidad Intelectual, orientaci\u00f3n Discapacidad Motora.<\/p>\n\n\n\n<p>\u2022 Profesorado universitario en Pedagog\u00eda Terap\u00e9utica en Discapacidad Visual<\/p>\n\n\n\n<p>\u2022 Profesorado de grado universitario en Inform\u00e1tica<\/p>\n\n\n\n<p>\u2022 Licenciatura en Terapia del Lenguaje<\/p>\n\n\n\n<p>\u2022 Licenciatura en Documentaci\u00f3n y gesti\u00f3n de la Informaci\u00f3n<\/p>\n\n\n\n<p>M\u00e1s informaci\u00f3n: https:\/\/educacion.uncuyo.edu.ar\/ingreso<\/p>\n\n\n\n<h3 class=\"wp-block-heading\">Facultad de Ciencias Aplicadas a la Industria<\/h3>\n\n\n\n<p>Las inscripciones ya arrancaron para realizar el curso de ingreso bajo la modalidad extendida.<\/p>\n\n\n\n<p>\u2022 Ingenier\u00eda en Alimentos<\/p>\n\n\n\n<p>\u2022 Ingenier\u00eda en Industrias de la Alimentaci\u00f3n<\/p>\n\n\n\n<p>\u2022 Ingenier\u00eda Qu\u00edmica<\/p>\n\n\n\n<p>\u2022 Ingenier\u00eda Mec\u00e1nica<\/p>\n\n\n\n<p>\u2022 Profesorado universitario de Qu\u00edmica<\/p>\n\n\n\n<p>\u2022 Ciclo de complementaci\u00f3n curricular Licenciatura en Enolog\u00eda<\/p>\n\n\n\n<p>M\u00e1s informaci\u00f3n: https:\/\/fcai.uncuyo.edu.ar\/ingreso<\/p>\n\n\n\n<h3 class=\"wp-block-heading\">Facultad de Ciencias Agrarias<\/h3>\n\n\n\n<p>\u00danica instancia de preinscripci\u00f3n hasta el 30 de septiembre<\/p>\n\n\n\n<p>\u2022 Ingenier\u00eda Agr\u00f3noma<\/p>\n\n\n\n<p>\u2022 Ingenier\u00eda en Recursos Naturales Renovables<\/p>\n\n\n\n<p>\u2022 Licenciatura en Bromatolog\u00eda<\/p>\n\n\n\n<p>\u2022 Tecnicatura Universitaria en Enolog\u00eda y Vitivinicultura<\/p>\n\n\n\n<p>\u2022 Bromatolog\u00eda<\/p>\n\n\n\n<p>M\u00e1s informaci\u00f3n: https:\/\/fca.uncuyo.edu.ar\/ingreso<\/p>\n\n\n\n<h3 class=\"wp-block-heading\">Facultad de Ciencias Exactas y Naturales<\/h3>\n\n\n\n<p>Las inscripciones ser\u00e1n desde el 23 de julio al 2 de agosto<\/p>\n\n\n\n<p>\u2022 Licenciatura en Geolog\u00eda<\/p>\n\n\n\n<p>\u2022 Licenciatura en Ciencias B\u00e1sicas con orientaci\u00f3n en: F\u00edsica, Qu\u00edmica, Matem\u00e1tica y Biolog\u00eda<\/p>\n\n\n\n<p>\u2022 Profesorado en Ciencias B\u00e1sicas: F\u00edsica, Qu\u00edmica, Matem\u00e1tica y Biolog\u00eda.<\/p>\n\n\n\n<p>M\u00e1s informaci\u00f3n: https:\/\/fcen.uncuyo.edu.ar\/ingreso<\/p>\n\n\n\n<h3 class=\"wp-block-heading\">Facultad de Ciencias Pol\u00edticas y Sociales<\/h3>\n\n\n\n<p>Las inscripciones ser\u00e1n desde el 2 al 27 de septiembre<\/p>\n\n\n\n<p>\u2022 Licenciatura en Ciencias Pol\u00edticas y Administraci\u00f3n P\u00fablica<\/p>\n\n\n\n<p>\u2022 Licenciatura en Comunicaci\u00f3n Social<\/p>\n\n\n\n<p>\u2022 Licenciatura en Trabajo Social<\/p>\n\n\n\n<p>\u2022 Licenciatura en Sociolog\u00eda<\/p>\n\n\n\n<p>\u2022 Licenciatura en Gesti\u00f3n y Administraci\u00f3n Universitaria<\/p>\n\n\n\n<p>\u2022 Ciclo de Licenciatura en Producci\u00f3n de Medios de Comunicaci\u00f3n<\/p>\n\n\n\n<p>\u2022 Tecnicatura en Gesti\u00f3n Universitaria<\/p>\n\n\n\n<p>\u2022 Tecnicatura universitaria en Producci\u00f3n Audiovisual<\/p>\n\n\n\n<p>\u2022 Tecnicatura en Gesti\u00f3n y Administraci\u00f3n en Instituciones P\u00fablicas<\/p>\n\n\n\n<p>\u2022 Tecnicatura universitaria en Gesti\u00f3n de Pol\u00edticas P\u00fablicas<\/p>\n\n\n\n<p>\u2022 Profesorado universitario en Ciencia Pol\u00edtica y Administraci\u00f3n P\u00fablica<\/p>\n\n\n\n<p>\u2022 Profesorado universitario en Sociolog\u00eda<\/p>\n\n\n\n<p>\u2022 Profesorado universitario en Trabajo Social<\/p>\n\n\n\n<p>\u2022 Profesorado universitario en Comunicaci\u00f3n Social<\/p>\n\n\n\n<p>M\u00e1s informaci\u00f3n: https:\/\/iusp.uncuyo.edu.ar\/ingreso<\/p>\n\n\n\n<h3 class=\"wp-block-heading\">Facultad de Filosof\u00eda y Letras<\/h3>\n\n\n\n<p>Las inscripciones ser\u00e1n a partir del 15 de agosto<\/p>\n\n\n\n<p>\u2022 Licenciatura en Filosof\u00eda<\/p>\n\n\n\n<p>\u2022 Profesorado universitario en Filosof\u00eda<\/p>\n\n\n\n<p>\u2022 Licenciatura en Letras<\/p>\n\n\n\n<p>\u2022 Profesorado universitario en Letras<\/p>\n\n\n\n<p>\u2022 Licenciatura en Historia<\/p>\n\n\n\n<p>\u2022 Profesorado universitario en Historia<\/p>\n\n\n\n<p>\u2022 Ge\u00f3grafo<\/p>\n\n\n\n<p>\u2022 Licenciatura en Geograf\u00eda<\/p>\n\n\n\n<p>\u2022 Profesorado universitario en Geograf\u00eda<\/p>\n\n\n\n<p>\u2022 Tecnicatura universitaria en Geotecnolog\u00edas<\/p>\n\n\n\n<p>\u2022 Licenciatura en Arqueolog\u00eda<\/p>\n\n\n\n<p>\u2022 Licenciatura en Ciencias de la Educaci\u00f3n<\/p>\n\n\n\n<p>\u2022 Profesorado universitario en Ciencias de la Educaci\u00f3n<\/p>\n\n\n\n<p>\u2022 Licenciatura en Turismo<\/p>\n\n\n\n<p>\u2022 Licenciatura en Filolog\u00eda Inglesa<\/p>\n\n\n\n<p>\u2022 Profesorado universitario en Lengua Inglesa<\/p>\n\n\n\n<p>\u2022 Traductorado p\u00fablico en Ingl\u00e9s (Zona Central y Jun\u00edn)<\/p>\n\n\n\n<p>\u2022 Licenciatura en Franc\u00e9s<\/p>\n\n\n\n<p>\u2022 Profesorado universitario en Lengua y Literatura Francesa<\/p>\n\n\n\n<p>\u2022 Tecnicatura universitaria en Franc\u00e9s<\/p>\n\n\n\n<p>\u2022 Portug\u00e9s: Profesorado universitario en Portugu\u00e9s<\/p>\n\n\n\n<h3 class=\"wp-block-heading\">Instituto Universitario de Seguridad P\u00fablica<\/h3>\n\n\n\n<p>Las inscripciones son del 1 de agosto hasta el 30 de octubre para las Tecnicaturas Universitarias en Seguridad P\u00fablica y en Seguridad Penitenciaria.<\/p>\n\n\n\n<p>M\u00e1s informaci\u00f3n: https:\/\/iusp.uncuyo.edu.ar\/ingreso<\/p>\n\n\n\n<h3 class=\"wp-block-heading\">Situaciones especiales de inscripci\u00f3n<\/h3>\n\n\n\n<p><strong>Facultad de Ingenier\u00eda<\/strong><\/p>\n\n\n\n<p>Las inscripciones ya cerraron para quienes deseen realizar el curso de ingreso en modalidad presencial.<\/p>\n\n\n\n<p>Pero para rendir en condici\u00f3n de libre el modulo de comprensi\u00f3n lectora aplicada a las Ciencias Exactas, las inscripciones son del 22 al 26 de julio. El resto del curso de ingreso se puede realizar de manera presencial.<\/p>\n\n\n\n<p>Quienes deseen rendir directamente las pruebas generales de conocimiento en condici\u00f3n de libre deber\u00e1n anotarse entre el 6 y el 8 de noviembre.<\/p>\n\n\n\n<p>M\u00e1s informaci\u00f3n: https:\/\/ingenieria.uncuyo.edu.ar\/ingreso<\/p>\n\n\n\n<p><strong>Facultad de Ciencias M\u00e9dicas<\/strong><\/p>\n\n\n\n<p>Las inscripciones ya cerraron.<\/p>\n\n\n\n<p>M\u00e1s informaci\u00f3n: https:\/\/fcm.uncuyo.edu.ar\/ingreso<\/p>\n\n\n\n<p><strong>ITU y Balseiro<\/strong><\/p>\n\n\n\n<p>A\u00fan no est\u00e1n definidas las fechas de ingreso en los Institutos Tecnol\u00f3gico Universitario (ITU) &#8211; se informar\u00e1n entre octubre y diciembre- y Balseiro. En breve se ir\u00e1n difundiendo.<\/p>\n\n\n\n<p><strong>Fuente: www.diariouno.com.ar<\/strong><\/p>\n\n\n\n<p><article class=\"article-body\" style=\"box-sizing: inherit; font-style: inherit; font-variant: inherit; font-weight: inherit; font-stretch: inherit; line-height: inherit; font-family: inherit; font-optical-sizing: inherit; font-kerning: inherit; font-feature-settings: inherit; font-variation-settings: inherit; font-size: 16px; margin: 0px; padding: 0px; vertical-align: baseline; border: 0px;\"><div class=\"article-content\" style=\"box-sizing: inherit; font-style: inherit; font-variant: inherit; font-weight: inherit; font-stretch: inherit; line-height: inherit; font-family: inherit; font-optical-sizing: inherit; font-kerning: inherit; font-feature-settings: inherit; font-variation-settings: inherit; margin: 0px; padding: 0px; vertical-align: baseline; border: 0px;\"><div class=\"cuerpo\" data-twitter-link=\"\" style=\"box-sizing: inherit; font-style: inherit; font-variant: inherit; font-weight: inherit; font-stretch: inherit; line-height: inherit; font-family: inherit; font-optical-sizing: inherit; font-kerning: inherit; font-feature-settings: inherit; font-variation-settings: inherit; margin: 0px; padding: 0px; vertical-align: baseline; border: 0px;\"><div contenteditable=\"false\" class=\"embed_cont type_imagen\" id=\"1081413-Libre-288105964_wrap\" style=\"box-sizing: inherit; font-variant-numeric: inherit; font-variant-east-asian: inherit; font-variant-alternates: inherit; font-variant-position: inherit; font-stretch: inherit; line-height: inherit; font-family: Roboto, &quot;Helvetica Neue&quot;, Arial, sans-serif; font-optical-sizing: inherit; font-kerning: inherit; font-feature-settings: inherit; font-variation-settings: inherit; margin: 0px 0px 1.875rem; padding: 0px; vertical-align: baseline; border: 0px; white-space-collapse: collapse;\"><\/div><\/div><\/div><\/article><\/p>\n","protected":false},"excerpt":{"rendered":"<p>En las puertas del segundo semestre del a\u00f1o, las facultades de la\u00a0UNCuyo\u00a0ya han comenzado a movilizar a sus aspirantes para que se informen acerca de las fechas de\u00a0inscripciones\u00a0en sus m\u00e1s de 12 facultades. En algunas, como Ciencias Aplicadas a la Industria, las inscripciones ya est\u00e1n abiertas. En otras, como Ciencias Exactas, comienzan el 23 de [&hellip;]<\/p>\n","protected":false},"author":2,"featured_media":8622,"comment_status":"open","ping_status":"open","sticky":false,"template":"","format":"standard","meta":[],"categories":[56],"tags":[],"_links":{"self":[{"href":"https:\/\/pasaenmendoza.com\/index.php?rest_route=\/wp\/v2\/posts\/8620"}],"collection":[{"href":"https:\/\/pasaenmendoza.com\/index.php?rest_route=\/wp\/v2\/posts"}],"about":[{"href":"https:\/\/pasaenmendoza.com\/index.php?rest_route=\/wp\/v2\/types\/post"}],"author":[{"embeddable":true,"href":"https:\/\/pasaenmendoza.com\/index.php?rest_route=\/wp\/v2\/users\/2"}],"replies":[{"embeddable":true,"href":"https:\/\/pasaenmendoza.com\/index.php?rest_route=%2Fwp%2Fv2%2Fcomments&post=8620"}],"version-history":[{"count":2,"href":"https:\/\/pasaenmendoza.com\/index.php?rest_route=\/wp\/v2\/posts\/8620\/revisions"}],"predecessor-version":[{"id":8624,"href":"https:\/\/pasaenmendoza.com\/index.php?rest_route=\/wp\/v2\/posts\/8620\/revisions\/8624"}],"wp:featuredmedia":[{"embeddable":true,"href":"https:\/\/pasaenmendoza.com\/index.php?rest_route=\/wp\/v2\/media\/8622"}],"wp:attachment":[{"href":"https:\/\/pasaenmendoza.com\/index.php?rest_route=%2Fwp%2Fv2%2Fmedia&parent=8620"}],"wp:term":[{"taxonomy":"category","embeddable":true,"href":"https:\/\/pasaenmendoza.com\/index.php?rest_route=%2Fwp%2Fv2%2Fcategories&post=8620"},{"taxonomy":"post_tag","embeddable":true,"href":"https:\/\/pasaenmendoza.com\/index.php?rest_route=%2Fwp%2Fv2%2Ftags&post=8620"}],"curies":[{"name":"wp","href":"https:\/\/api.w.org\/{rel}","templated":true}]}}