{"id":8625,"date":"2024-07-17T23:57:22","date_gmt":"2024-07-17T21:57:22","guid":{"rendered":"https:\/\/pasaenmendoza.com\/?p=8625"},"modified":"2024-07-17T23:57:23","modified_gmt":"2024-07-17T21:57:23","slug":"delincuentes-atacaron-a-golpes-a-un-chef-para-robarle-en-pleno-centro-y-tres-fueron-atrapados","status":"publish","type":"post","link":"https:\/\/pasaenmendoza.com\/?p=8625","title":{"rendered":"Delincuentes atacaron a golpes a un chef para robarle en pleno centro y tres fueron atrapados"},"content":{"rendered":"\n<p>Un chef de 37 a\u00f1os sali\u00f3 de trabajar de un restor\u00e1n en\u00a0<strong>pleno centro de la Ciudad de Mendoza y caminaba hacia su casa.<\/strong>\u00a0Estaba a s\u00f3lo dos cuadras cuando fue atacado por una banda de delincuentes que\u00a0<strong>lo golpearon para robarle sus pertenencias<\/strong>. Polic\u00edas que patrullaban por la zona advirtieron la situaci\u00f3n y\u00a0<strong>capturaron a dos hombres y una mujer,<\/strong>\u00a0aunque otro de los autores escap\u00f3.<\/p>\n\n\n\n<p>Ocurri\u00f3 alrededor de la 1 del martes en\u00a0<strong>calles Patricias Mendocinas y San Lorenzo, de Capital,<\/strong>\u00a0por donde el chef de 37 a\u00f1os caminaba para llegar a su casa, a solo dos cuadras de all\u00ed.<\/p>\n\n\n\n<p>Tres hombres y una mujer lo rodearon repentinamente para robarle, pero&nbsp;<strong>este se neg\u00f3 y puso resistencia.<\/strong>&nbsp;Por su actitud, los cuatro delincuentes<strong>&nbsp;lo golpearon hasta que le sacaron la billetera con $27.000 y escaparon.<\/strong><\/p>\n\n\n\n<p>En ese momento un m\u00f3vil de la Polic\u00eda pasaba por all\u00ed y&nbsp;<strong>vio la v\u00edctima en el piso mientras ped\u00eda ayuda.<\/strong>&nbsp;Los efectivos salieron detr\u00e1s de los sospechosos, a quienes&nbsp;<strong>alcanzaron a tres de ellos en calle San Lorenzo y Mitre, mientras que otro escap\u00f3.<\/strong><\/p>\n\n\n\n<p>Capturaron a u<strong>n joven de 20 a\u00f1os, un hombre de 32 a\u00f1os y una mujer de 33 a\u00f1os<\/strong>. Los dos varones fueron trasladados a la Comisar\u00eda 6, mientras que la mujer qued\u00f3 alojada en los calabozos de la Comisar\u00eda 4, en Capital.<\/p>\n\n\n\n<p>Mientras, el\u00a0<strong>chef que hab\u00eda sido golpeado fue trasladado al Hospital Central\u00a0<\/strong>donde constataron varios golpes en su cuerpo por lo que qued\u00f3 internado unas horas en observaci\u00f3n.<\/p>\n\n\n\n<p><strong>Fuente: www.diariouno.com.ar<\/strong><\/p>\n","protected":false},"excerpt":{"rendered":"<p>Un chef de 37 a\u00f1os sali\u00f3 de trabajar de un restor\u00e1n en\u00a0pleno centro de la Ciudad de Mendoza y caminaba hacia su casa.\u00a0Estaba a s\u00f3lo dos cuadras cuando fue atacado por una banda de delincuentes que\u00a0lo golpearon para robarle sus pertenencias. Polic\u00edas que patrullaban por la zona advirtieron la situaci\u00f3n y\u00a0capturaron a dos hombres y [&hellip;]<\/p>\n","protected":false},"author":2,"featured_media":8626,"comment_status":"open","ping_status":"open","sticky":false,"template":"","format":"standard","meta":[],"categories":[48],"tags":[],"_links":{"self":[{"href":"https:\/\/pasaenmendoza.com\/index.php?rest_route=\/wp\/v2\/posts\/8625"}],"collection":[{"href":"https:\/\/pasaenmendoza.com\/index.php?rest_route=\/wp\/v2\/posts"}],"about":[{"href":"https:\/\/pasaenmendoza.com\/index.php?rest_route=\/wp\/v2\/types\/post"}],"author":[{"embeddable":true,"href":"https:\/\/pasaenmendoza.com\/index.php?rest_route=\/wp\/v2\/users\/2"}],"replies":[{"embeddable":true,"href":"https:\/\/pasaenmendoza.com\/index.php?rest_route=%2Fwp%2Fv2%2Fcomments&post=8625"}],"version-history":[{"count":1,"href":"https:\/\/pasaenmendoza.com\/index.php?rest_route=\/wp\/v2\/posts\/8625\/revisions"}],"predecessor-version":[{"id":8627,"href":"https:\/\/pasaenmendoza.com\/index.php?rest_route=\/wp\/v2\/posts\/8625\/revisions\/8627"}],"wp:featuredmedia":[{"embeddable":true,"href":"https:\/\/pasaenmendoza.com\/index.php?rest_route=\/wp\/v2\/media\/8626"}],"wp:attachment":[{"href":"https:\/\/pasaenmendoza.com\/index.php?rest_route=%2Fwp%2Fv2%2Fmedia&parent=8625"}],"wp:term":[{"taxonomy":"category","embeddable":true,"href":"https:\/\/pasaenmendoza.com\/index.php?rest_route=%2Fwp%2Fv2%2Fcategories&post=8625"},{"taxonomy":"post_tag","embeddable":true,"href":"https:\/\/pasaenmendoza.com\/index.php?rest_route=%2Fwp%2Fv2%2Ftags&post=8625"}],"curies":[{"name":"wp","href":"https:\/\/api.w.org\/{rel}","templated":true}]}}