{"id":863,"date":"2023-08-23T14:55:22","date_gmt":"2023-08-23T12:55:22","guid":{"rendered":"https:\/\/pasaenmendoza.com\/?p=863"},"modified":"2023-08-23T14:55:24","modified_gmt":"2023-08-23T12:55:24","slug":"pronostico-en-mendoza-precipitaciones-aisladas-y-nevadas-en-cordillera","status":"publish","type":"post","link":"https:\/\/pasaenmendoza.com\/?p=863","title":{"rendered":"Pron\u00f3stico en Mendoza: precipitaciones aisladas y nevadas en cordillera"},"content":{"rendered":"\n<p>Cinco meses han pasado desde la \u00faltima lluvia que se registr\u00f3 en el Gran Mendoza y, este\u00a0<strong>mi\u00e9rcoles<\/strong>,\u00a0<mark>algunas regiones de la provincia amanecieron con precipitaciones aisladas.<\/mark><\/p>\n\n\n\n<p>La\u00a0<strong>Direcci\u00f3n de Contingencias Clim\u00e1ticas\u00a0<\/strong>anuncia para esta jornada \u201ccielo mayormente nublado y fr\u00edo con precipitaciones aisladas, vientos moderados del sudeste. Mayor probabilidad de lluvias en el centro y sur provincial\u201d.\u00a0<mark>La m\u00ednima ser\u00e1 de 6 grados y la m\u00e1xima de 13.<\/mark><\/p>\n\n\n\n<p>Adem\u00e1s, el\u00a0<strong>Servicio Meteorol\u00f3gico Nacional (SMN)<\/strong>\u00a0emiti\u00f3 un\u00a0<mark>alerta amarillo por nevadas intensas en alta monta\u00f1a.<\/mark>\u00a0El fen\u00f3meno se registrar\u00e1 en el sector cordillerano de todo el territorio provincial.<\/p>\n\n\n\n<p>Para el\u00a0<strong>jueves<\/strong>\u00a0se prev\u00e9: \u201cCielo parcialmente nublado con poco cambio de la temperatura, vientos leves del sudeste. Inestable en cordillera\u201d.\u00a0<mark>La m\u00ednima ser\u00e1 de 5 grados y la m\u00e1xima de 13.<\/mark><\/p>\n\n\n\n<p>El\u00a0<strong>viernes<\/strong>\u00a0habr\u00e1 nubosidad variable con poco cambio de la temperatura, vientos moderados del sector sur. Mejoran las condiciones meteorol\u00f3gicas en cordillera.<br><mark>La m\u00ednima ser\u00e1 de 4 grados y la m\u00e1xima de 15.<\/mark><\/p>\n\n\n\n<p><strong>La situaci\u00f3n en alta monta\u00f1a<\/strong><\/p>\n\n\n\n<p>El\u00a0<strong>Sistema Integrado cristo Redentor<\/strong>\u00a0contin\u00faa<mark>\u00a0cerrado por mal tiempo<\/mark>. Se prev\u00e9 que este viernes a las 9 se pueda habilitar.<\/p>\n\n\n\n<p>El\u00a0<strong>paso a Chile<\/strong>\u00a0est\u00e1\u00a0<mark>cerrado<\/mark>\u00a0por tiempo indeterminado.<\/p>\n\n\n\n<p><strong>Fuente: www.elsol.com.ar<\/strong><\/p>\n","protected":false},"excerpt":{"rendered":"<p>Cinco meses han pasado desde la \u00faltima lluvia que se registr\u00f3 en el Gran Mendoza y, este\u00a0mi\u00e9rcoles,\u00a0algunas regiones de la provincia amanecieron con precipitaciones aisladas. La\u00a0Direcci\u00f3n de Contingencias Clim\u00e1ticas\u00a0anuncia para esta jornada \u201ccielo mayormente nublado y fr\u00edo con precipitaciones aisladas, vientos moderados del sudeste. Mayor probabilidad de lluvias en el centro y sur provincial\u201d.\u00a0La m\u00ednima [&hellip;]<\/p>\n","protected":false},"author":2,"featured_media":864,"comment_status":"open","ping_status":"open","sticky":false,"template":"","format":"standard","meta":[],"categories":[52],"tags":[],"_links":{"self":[{"href":"https:\/\/pasaenmendoza.com\/index.php?rest_route=\/wp\/v2\/posts\/863"}],"collection":[{"href":"https:\/\/pasaenmendoza.com\/index.php?rest_route=\/wp\/v2\/posts"}],"about":[{"href":"https:\/\/pasaenmendoza.com\/index.php?rest_route=\/wp\/v2\/types\/post"}],"author":[{"embeddable":true,"href":"https:\/\/pasaenmendoza.com\/index.php?rest_route=\/wp\/v2\/users\/2"}],"replies":[{"embeddable":true,"href":"https:\/\/pasaenmendoza.com\/index.php?rest_route=%2Fwp%2Fv2%2Fcomments&post=863"}],"version-history":[{"count":1,"href":"https:\/\/pasaenmendoza.com\/index.php?rest_route=\/wp\/v2\/posts\/863\/revisions"}],"predecessor-version":[{"id":865,"href":"https:\/\/pasaenmendoza.com\/index.php?rest_route=\/wp\/v2\/posts\/863\/revisions\/865"}],"wp:featuredmedia":[{"embeddable":true,"href":"https:\/\/pasaenmendoza.com\/index.php?rest_route=\/wp\/v2\/media\/864"}],"wp:attachment":[{"href":"https:\/\/pasaenmendoza.com\/index.php?rest_route=%2Fwp%2Fv2%2Fmedia&parent=863"}],"wp:term":[{"taxonomy":"category","embeddable":true,"href":"https:\/\/pasaenmendoza.com\/index.php?rest_route=%2Fwp%2Fv2%2Fcategories&post=863"},{"taxonomy":"post_tag","embeddable":true,"href":"https:\/\/pasaenmendoza.com\/index.php?rest_route=%2Fwp%2Fv2%2Ftags&post=863"}],"curies":[{"name":"wp","href":"https:\/\/api.w.org\/{rel}","templated":true}]}}