{"id":8631,"date":"2024-07-18T00:50:13","date_gmt":"2024-07-17T22:50:13","guid":{"rendered":"https:\/\/pasaenmendoza.com\/?p=8631"},"modified":"2024-07-18T00:50:15","modified_gmt":"2024-07-17T22:50:15","slug":"la-leccion-politica-que-arrojo-el-segundo-y-alocado-mandato-de-daniel-orozco","status":"publish","type":"post","link":"https:\/\/pasaenmendoza.com\/?p=8631","title":{"rendered":"La lecci\u00f3n pol\u00edtica que arroj\u00f3 el segundo y alocado mandato de Daniel Orozco"},"content":{"rendered":"\n<p>El gran error de algunos intendentes es creer que si consiguen ser reelegidos para un segundo mandato tocar\u00e1n el cielo con las manos y nada ni nadie los parar\u00e1.<\/p>\n\n\n\n<p>Si alguna ense\u00f1anza pol\u00edtica dej\u00f3 el segundo y alocado mandato consecutivo del m\u00e9dico radical\u00a0<strong>Daniel Orozco<\/strong>\u00a0como intendente del municipio de\u00a0<strong>Las Heras<\/strong>, esa fue la de comprobar c\u00f3mo nos puede modificar esa actividad tan seductora que es manejar la polis si no estamos bien parados en la realidad.<\/p>\n\n\n\n<p>Digamos de entrada que la mejor propaganda, si el objetivo es eyectarse desde un cargo municipal a uno provincial o nacional, consiste en hacer una gesti\u00f3n minuciosamente eficiente, alejada de la politiquer\u00eda berreta, del malgasto guarango, del&nbsp;<strong>nombramiento de militantes en cargos innecesarios, y del s\u00edndrome del patr\u00f3n de estancia<\/strong>.<\/p>\n\n\n\n<p>Lo que se requiere para mantenerse pol\u00edticamente reconocido es mucho m\u00e1s que viveza y ambici\u00f3n desmedida. Se deben portar otros valores como estudio, vocaci\u00f3n de servicio, lectura, ideas, templanza, sentido com\u00fan, \u00e9tica.<\/p>\n\n\n\n<p>El gran error de algunos jefes comunales que han concretado de manera aceptable sus primeras intendencias, es el de creer que si consiguen ser&nbsp;<strong>reelegidos&nbsp;<\/strong>para un segundo mandato consecutivo habr\u00e1n tocado el cielo con las manos y que de ah\u00ed en m\u00e1s nada ni nadie los parar\u00e1.<\/p>\n\n\n\n<p>A los que act\u00faan as\u00ed, la realidad les tiene preparados adecuados sopapos. Aquellos que quieran seguir la senda de los\u00a0<strong>Sergio Salgado<\/strong>, de los Luis Lobos (ambos condenados) o de los Daniel Orozco, hoy investigado por presuntos hechos de corrupci\u00f3n, seguramente sufrir\u00e1n un portazo en las narices que los tirar\u00e1 de culo.<\/p>\n\n\n\n<h2 class=\"wp-block-heading\">Por la borda<\/h2>\n\n\n\n<p>Todo lo correcto que&nbsp;<strong>Daniel Orozco<\/strong>&nbsp;hizo en su primera gesti\u00f3n (2015-2019) tendiente a ordenar el departamento y a devolverle a sus habitantes el sentido de amor propio, tantas veces denostado por pavotes que los tildaban de &#8220;lasherindios&#8221;, lo rif\u00f3 en el segundo mandato (2019-2023) de una manera inesperada.<\/p>\n\n\n\n<p>De aquel primer Orozco, orgulloso de&nbsp;<strong>&#8220;ser radical de toda la vida&#8221;<\/strong>, lleg\u00f3 a decirse que hab\u00eda logrado que los lasherinos olvidaran que alguna vez ese departamento fue llamado &#8220;la capital del peronismo mendocino&#8221;.<\/p>\n\n\n\n<p>Y de ser un reconocido m\u00e9dico de pueblo que busc\u00f3 entrar en pol\u00edtica para &#8220;demostrar que se pueden hacer las cosas bien&#8221;, termin\u00f3 como un pol\u00edtico desprestigiado y sin futuro en la gesti\u00f3n p\u00fablica.<\/p>\n\n\n\n<p>Es m\u00e1s, cuando el\u00a0<strong>Viti Fayad<\/strong>\u00a0lo tante\u00f3 para que entrara en pol\u00edtica y Orozco acept\u00f3 el convite, este dijo que le alcanzaba con un solo per\u00edodo de gesti\u00f3n para hacer las cosas bien y volver a su consultorio en pleno centro de Las Heras donde se jactaba de tener pacientes de todos los sectores sociales.<\/p>\n\n\n\n<h2 class=\"wp-block-heading\">Chiflado frenes\u00ed<\/h2>\n\n\n\n<p>Todo pas\u00f3 por querer saltarse etapas y no saber merituar los tiempos. Bast\u00f3 que Orozco fuera reelecto en Las Heras para que ingresara a un frenes\u00ed donde la loca obsesi\u00f3n fue la de convertirse en el pr\u00f3ximo candidato a gobernador de la Provincia por Cambia Mendoza. No s\u00f3lo eso, el desorbitado paquete imaginado inclu\u00eda a su novia y luego esposa,&nbsp;<strong>Janina Ortiz<\/strong>, como candidata a intendenta de Las Heras, lo cual enerv\u00f3 a medio mundo por lo grosero, no s\u00f3lo a los radicales.<\/p>\n\n\n\n<p>Con todo ese tel\u00f3n de fondo, al intendente se le dio por&nbsp;<strong>hacer reuniones y saraos<\/strong>&nbsp;para posicionarse como precandidato a gobernador. Incluso contrat\u00f3 a un consultor mexicano tipo Dur\u00e1n Barba, de apellido Lim\u00f3n, para que lo coacheara y le ayudara a escribir un libro con el plan de gobierno.<\/p>\n\n\n\n<p>Orozco desatendi\u00f3 las tareas de la comuna, se llen\u00f3 de\u00a0<strong>empleados militantes<\/strong>\u00a0innecesarios, urdi\u00f3 junto con su novia y secretaria de Gobierno, Janina Ortiz, una serie de\u00a0<strong>trapisondas\u00a0<\/strong>para conseguir fondos que financiaran su carrera hacia el Barrio C\u00edvico, algunas de las cuales, como las cooperativas fantasmas para desviar dineros municipales, o los operativos tipo vodevil para espiar a funcionarios en &#8220;telos&#8221;, hicieron correr r\u00edos de tinta.<\/p>\n\n\n\n<h2 class=\"wp-block-heading\">Brotado<\/h2>\n\n\n\n<p>El resto es conocido. Cornejo confirm\u00f3 que volv\u00eda para una segunda gobernaci\u00f3n, Orozco le exigi\u00f3 ser vicegobernador, pero no le aceptaron el pataleo y se brot\u00f3. R\u00e1pido de reflejos,<strong>&nbsp;Omar de Marchi&nbsp;<\/strong>lo convoc\u00f3 para que fuera su vice en La Uni\u00f3n Mendoza y el m\u00e9dico acept\u00f3 creyendo que con el lujanino iban a hacer hocicar a Cornejo. El resultado fue un desgobierno total en la Comuna que termin\u00f3 por descarrilar. Y una posterior derrota del proyecto de De Marchi que dej\u00f3 a Orozco sin el pan y sin la torta.<\/p>\n\n\n\n<p>Los denuncias por fraude y otras corruptelas en la comuna saltaron de lleno a la Justicia que ya los tiene imputados a Orozco y a Janina Ortiz. La dama logr\u00f3 entrar como&nbsp;<strong>diputada provincial<\/strong>&nbsp;por el demarchismo, pero al mes de asumir fue desaforada y separada de la C\u00e1mara por &#8220;indignidad&#8221;.<\/p>\n\n\n\n<p>Antes, cuando las reelecciones de jefes comunales de la Provincia no ten\u00edan topes, hubo intendentes que cumplieron 20 a\u00f1os seguidos en sus comunas,&nbsp;<strong>como si se tratara de una empresa privada<\/strong>. O m\u00e1s a\u00f1os si el recambio se daba entre hermanos que se pasaban el manejo de sus intendencias de un familiar a otro.<\/p>\n\n\n\n<p>En ese marco tan laxo no hab\u00eda tanta necesidad de que los intendentes cayeran en la desesperaci\u00f3n de quedarse sin trabajo (ni a dar manotazos de ahogado). Adem\u00e1s, despu\u00e9s de tres o cuatro gestiones,&nbsp;<strong>gobernaban de taquito<\/strong>&nbsp;porque llegaban a conocer al dedillo el mundo pol\u00edtico comunal.<\/p>\n\n\n\n<p>Orozco en cambio lleg\u00f3 a la pol\u00edtica con la norma que no permit\u00eda m\u00e1s de dos elecciones consecutivas de intendentes. Hizo una primera gesti\u00f3n aceptable, pero en la segunda, ya v\u00edctima de la enfermedad del poder (mandar, manejar caudales importantes de dinero) dej\u00f3 de lado la eficiencia, descuid\u00f3 el municipio, disfrut\u00f3 haciendo clientelismo y se crey\u00f3 m\u00e1s de lo que era.&nbsp;<strong>No pudo ser gobernador, ni vicegobernador, ni ministro, ni nada<\/strong>. Un proceso malsano no lo dej\u00f3. Lo devor\u00f3 la maldici\u00f3n del segundo mandato consecutivo.<\/p>\n\n\n\n<p><\/p>\n\n\n\n<p>FUENTE: Diariouno.com.ar <a rel=\"noreferrer noopener\" href=\"https:\/\/www.facebook.com\/dialog\/feed?app_id=161316767303985&amp;link=https%3A%2F%2Fwww.diariouno.com.ar%2Fopinion%2Fla-leccion-politica-que-arrojo-el-segundo-y-alocado-mandato-daniel-orozco-n1335384&amp;name=La+lecci%C3%B3n+pol%C3%ADtica+que+arroj%C3%B3+el+segundo+y+alocado+mandato+de+Daniel+Orozco&amp;caption=Daniel+Orozco&amp;description=El+gran+error+de+algunos+intendentes+es+creer+que+si+consiguen+ser+reelegidos+para+un+segundo+mandato+tocar%C3%A1n+el+cielo+con+las+manos+y+nada+ni+nadie+los+parar%C3%A1&amp;redirect_uri=https%3A%2F%2Fwww.diariouno.com.ar%2Fopinion%2Fla-leccion-politica-que-arrojo-el-segundo-y-alocado-mandato-daniel-orozco-n1335384\" target=\"_blank\"><\/a><\/p>\n","protected":false},"excerpt":{"rendered":"<p>El gran error de algunos intendentes es creer que si consiguen ser reelegidos para un segundo mandato tocar\u00e1n el cielo con las manos y nada ni nadie los parar\u00e1. Si alguna ense\u00f1anza pol\u00edtica dej\u00f3 el segundo y alocado mandato consecutivo del m\u00e9dico radical\u00a0Daniel Orozco\u00a0como intendente del municipio de\u00a0Las Heras, esa fue la de comprobar c\u00f3mo [&hellip;]<\/p>\n","protected":false},"author":2,"featured_media":8632,"comment_status":"open","ping_status":"open","sticky":true,"template":"","format":"standard","meta":[],"categories":[47],"tags":[],"_links":{"self":[{"href":"https:\/\/pasaenmendoza.com\/index.php?rest_route=\/wp\/v2\/posts\/8631"}],"collection":[{"href":"https:\/\/pasaenmendoza.com\/index.php?rest_route=\/wp\/v2\/posts"}],"about":[{"href":"https:\/\/pasaenmendoza.com\/index.php?rest_route=\/wp\/v2\/types\/post"}],"author":[{"embeddable":true,"href":"https:\/\/pasaenmendoza.com\/index.php?rest_route=\/wp\/v2\/users\/2"}],"replies":[{"embeddable":true,"href":"https:\/\/pasaenmendoza.com\/index.php?rest_route=%2Fwp%2Fv2%2Fcomments&post=8631"}],"version-history":[{"count":1,"href":"https:\/\/pasaenmendoza.com\/index.php?rest_route=\/wp\/v2\/posts\/8631\/revisions"}],"predecessor-version":[{"id":8633,"href":"https:\/\/pasaenmendoza.com\/index.php?rest_route=\/wp\/v2\/posts\/8631\/revisions\/8633"}],"wp:featuredmedia":[{"embeddable":true,"href":"https:\/\/pasaenmendoza.com\/index.php?rest_route=\/wp\/v2\/media\/8632"}],"wp:attachment":[{"href":"https:\/\/pasaenmendoza.com\/index.php?rest_route=%2Fwp%2Fv2%2Fmedia&parent=8631"}],"wp:term":[{"taxonomy":"category","embeddable":true,"href":"https:\/\/pasaenmendoza.com\/index.php?rest_route=%2Fwp%2Fv2%2Fcategories&post=8631"},{"taxonomy":"post_tag","embeddable":true,"href":"https:\/\/pasaenmendoza.com\/index.php?rest_route=%2Fwp%2Fv2%2Ftags&post=8631"}],"curies":[{"name":"wp","href":"https:\/\/api.w.org\/{rel}","templated":true}]}}