{"id":8634,"date":"2024-07-18T00:55:54","date_gmt":"2024-07-17T22:55:54","guid":{"rendered":"https:\/\/pasaenmendoza.com\/?p=8634"},"modified":"2024-07-18T00:55:55","modified_gmt":"2024-07-17T22:55:55","slug":"quien-representara-a-mendoza-en-el-consejo-de-mayo-el-indicio-que-dio-cornejo","status":"publish","type":"post","link":"https:\/\/pasaenmendoza.com\/?p=8634","title":{"rendered":"Qui\u00e9n representar\u00e1 a Mendoza en el Consejo de Mayo: el indicio que dio Cornejo"},"content":{"rendered":"\n<p>El gobernador mendocino asegur\u00f3 que buscar\u00e1 que la provincia tenga \u201cel m\u00e1s alto protagonismo\u201d en el nuevo \u00f3rgano multisectorial que promover\u00e1 la implementaci\u00f3n del pacto que se firm\u00f3 en Tucum\u00e1n.<\/p>\n\n\n\n<p>El Gobierno nacional oficializ\u00f3 la creaci\u00f3n del\u00a0<strong>Consejo de Mayo<\/strong>, un \u00f3rgano multisectorial encargado de elaborar proyectos de ley para concretar los 10 puntos del\u00a0<strong>Pacto de Mayo<\/strong>\u00a0que firmaron\u00a0el presidente Javier Milei y 18 gobernadores el pasado 9 de julio en Tucum\u00e1n. El foro contar\u00e1 con un representante por cada una de las\u00a0provincias firmantes del acuerdo, es decir que\u00a0<strong>Mendoza\u00a0<\/strong>deber\u00e1 elegir un delegado.<\/p>\n\n\n\n<p>Este mi\u00e9rcoles, el gobernador\u00a0<strong>Alfredo Cornejo<\/strong>\u00a0hizo referencia a la puesta en marcha del\u00a0<strong>Consejo de Mayo<\/strong>\u00a0y consider\u00f3 que \u201creci\u00e9n hoy ha salido la estructura en un decreto, pero por lo que le\u00ed, cada provincia va a tener un representante, as\u00ed que veremos bien cu\u00e1l es el formato, el inter\u00e9s y vamos a participar en el m\u00e1s alto nivel que se pueda\u201d.<\/p>\n\n\n\n<p>Si bien no dio precisiones sobre la persona elegida para representar a&nbsp;<strong>Mendoza<\/strong>, resalt\u00f3 que podr\u00eda ser un ministro quien represente a la provincia en el \u00f3rgano multisectorial.<\/p>\n\n\n\n<p>\u201cVamos a participar de toda instancia que planifique la Argentina para los pr\u00f3ximos a\u00f1os. Cuando firmamos ese acuerdo el 9 de julio en Tucum\u00e1n, tambi\u00e9n nos comprometimos a participar de eso\u201d, manifest\u00f3 el mandatario provincial, tras participar de la presentaci\u00f3n de un nuevo angi\u00f3grafo en el Hospital Central.<\/p>\n\n\n\n<p>Hizo hincapi\u00e9 en que el Gobierno provincial apunta a tener \u201cel m\u00e1s alto protagonismo\u201d en este&nbsp;<strong>Consejo&nbsp;<\/strong>y reiter\u00f3 su respaldo a la pol\u00edtica econ\u00f3mica que viene implementando el Gobierno nacional. \u201cDe nada vale tener buena administraci\u00f3n provincial, tener buenas administraciones municipales si no arreglamos los temas macroecon\u00f3micos, nuestra pol\u00edtica exterior, todas las cosas que hacen a la Naci\u00f3n y al Estado federal\u201d, sostuvo.<\/p>\n\n\n\n<p>En la misma l\u00ednea plante\u00f3 que \u201cnosotros estamos muy comprometidos en que este Gobierno tenga \u00e9xitos en materia econ\u00f3mica, la situaci\u00f3n es dif\u00edcil, es un inmenso deterioro econ\u00f3mico en todos los \u00faltimos a\u00f1os y paralelamente es un inmenso deterioro social. Y Mendoza no est\u00e1 ajena a eso\u201d.<\/p>\n\n\n\n<p><strong>Cornejo&nbsp;<\/strong>concluy\u00f3 remarcando que \u201cnecesitamos que a la Naci\u00f3n le vaya bien con su plan. Por eso todos estos foros, nosotros estamos dispuestos a participar y al alzar nuestra voz, que no tiene que ser solo de reclamo, como hacen muchas veces muchos pol\u00edticos tratando de denunciar las cosas que est\u00e1n mal, pero es la verdad que lo que tenemos que tratar es ponernos de acuerdo en c\u00f3mo hacemos para que las cosas est\u00e9n bien\u201d.<\/p>\n\n\n\n<p>FUENTE: MDZonline.<\/p>\n","protected":false},"excerpt":{"rendered":"<p>El gobernador mendocino asegur\u00f3 que buscar\u00e1 que la provincia tenga \u201cel m\u00e1s alto protagonismo\u201d en el nuevo \u00f3rgano multisectorial que promover\u00e1 la implementaci\u00f3n del pacto que se firm\u00f3 en Tucum\u00e1n. El Gobierno nacional oficializ\u00f3 la creaci\u00f3n del\u00a0Consejo de Mayo, un \u00f3rgano multisectorial encargado de elaborar proyectos de ley para concretar los 10 puntos del\u00a0Pacto de [&hellip;]<\/p>\n","protected":false},"author":2,"featured_media":8635,"comment_status":"open","ping_status":"open","sticky":true,"template":"","format":"standard","meta":[],"categories":[47],"tags":[],"_links":{"self":[{"href":"https:\/\/pasaenmendoza.com\/index.php?rest_route=\/wp\/v2\/posts\/8634"}],"collection":[{"href":"https:\/\/pasaenmendoza.com\/index.php?rest_route=\/wp\/v2\/posts"}],"about":[{"href":"https:\/\/pasaenmendoza.com\/index.php?rest_route=\/wp\/v2\/types\/post"}],"author":[{"embeddable":true,"href":"https:\/\/pasaenmendoza.com\/index.php?rest_route=\/wp\/v2\/users\/2"}],"replies":[{"embeddable":true,"href":"https:\/\/pasaenmendoza.com\/index.php?rest_route=%2Fwp%2Fv2%2Fcomments&post=8634"}],"version-history":[{"count":1,"href":"https:\/\/pasaenmendoza.com\/index.php?rest_route=\/wp\/v2\/posts\/8634\/revisions"}],"predecessor-version":[{"id":8636,"href":"https:\/\/pasaenmendoza.com\/index.php?rest_route=\/wp\/v2\/posts\/8634\/revisions\/8636"}],"wp:featuredmedia":[{"embeddable":true,"href":"https:\/\/pasaenmendoza.com\/index.php?rest_route=\/wp\/v2\/media\/8635"}],"wp:attachment":[{"href":"https:\/\/pasaenmendoza.com\/index.php?rest_route=%2Fwp%2Fv2%2Fmedia&parent=8634"}],"wp:term":[{"taxonomy":"category","embeddable":true,"href":"https:\/\/pasaenmendoza.com\/index.php?rest_route=%2Fwp%2Fv2%2Fcategories&post=8634"},{"taxonomy":"post_tag","embeddable":true,"href":"https:\/\/pasaenmendoza.com\/index.php?rest_route=%2Fwp%2Fv2%2Ftags&post=8634"}],"curies":[{"name":"wp","href":"https:\/\/api.w.org\/{rel}","templated":true}]}}