{"id":8637,"date":"2024-07-18T00:59:23","date_gmt":"2024-07-17T22:59:23","guid":{"rendered":"https:\/\/pasaenmendoza.com\/?p=8637"},"modified":"2024-07-18T00:59:24","modified_gmt":"2024-07-17T22:59:24","slug":"alfredo-cornejo-se-mostro-molesto-por-las-discusiones-en-torno-a-la-lucha-antigranizo","status":"publish","type":"post","link":"https:\/\/pasaenmendoza.com\/?p=8637","title":{"rendered":"Alfredo Cornejo se mostr\u00f3 molesto por las discusiones en torno a la lucha antigranizo"},"content":{"rendered":"\n<p>El gobernador asegur\u00f3 que \u201clos que hablan son pol\u00edticos y no t\u00e9cnicos\u201d. Critic\u00f3 la propuesta de drones que impuls\u00f3 el intendente de San Carlos y detall\u00f3 que el plan del Gobierno es fortalecer el seguro agr\u00edcola.<\/p>\n\n\n\n<p>El gobernador&nbsp;<strong>Alfredo Cornejo<\/strong>&nbsp;se mostr\u00f3&nbsp;<mark>molesto sobre el revuelo pol\u00edtico que se gener\u00f3 por su decisi\u00f3n de no continuar con la<strong><a href=\"https:\/\/www.elsol.com.ar\/mendoza\/los-intendentes-debaten-por-municipalizar-la-lucha-antigranizo-mientras-crece-del-descontento\/\" target=\"_blank\" rel=\"noreferrer noopener\">&nbsp;lucha antigranizo<\/a><\/strong><\/mark><strong><a href=\"https:\/\/www.elsol.com.ar\/mendoza\/los-intendentes-debaten-por-municipalizar-la-lucha-antigranizo-mientras-crece-del-descontento\/\" target=\"_blank\" rel=\"noreferrer noopener\">.&nbsp;<\/a><\/strong>Asegur\u00f3 adem\u00e1s que&nbsp;<mark>no tiene sentido la propuesta de combatir la inclemencia clim\u00e1tica con drones<\/mark>.<\/p>\n\n\n\n<p>El mandatario se meti\u00f3 de lleno en la discusi\u00f3n por el sistema de mitigaci\u00f3n de la piedra y se refiri\u00f3 a los dichos del exgobernador&nbsp;<strong>Julio Cobos<\/strong>, quien hab\u00eda considerado un error del Gobierno avanzar con la eliminaci\u00f3n del sistema sin evaluar \u201c<em>toda la evidencia cient\u00edfica posible\u201d<\/em>.<\/p>\n\n\n\n<p><em>\u201cNuestro objetivo es cuidar a la agricultura mendocina. Sobre lo que dijo (Cobos), independientemente de su opini\u00f3n, que es una opini\u00f3n muy v\u00e1lida y tendr\u00e1 sus razones, yo tengo para decir que nosotros queremos cuidar a la agricultura, que no se pierdan los productores chicos, que es lo que ha venido ocurriendo en los \u00faltimos 20 a\u00f1os\u201d<\/em>, se\u00f1al\u00f3 Cornejo.<\/p>\n\n\n\n<h2 class=\"wp-block-heading\" id=\"h-tambien-contra-los-drones\">Tambi\u00e9n contra los drones<\/h2>\n\n\n\n<p>Sobre las propuesta de sembrar nubes con\u00a0drones yoduro de plata enriquecida realizada por el intendente de San Carlos,\u00a0<strong>Alejandro Morillas<\/strong>, asegur\u00f3 que\u00a0<em>\u201csi se le pone el micr\u00f3fono a pol\u00edticos en lugar de los que conocen al respecto, es mera deliberaci\u00f3n pol\u00edtica\u201d<\/em>.<\/p>\n\n\n\n<p><em>\u201cSi reflejamos s\u00f3lo la opini\u00f3n de los pol\u00edticos, pueden decir cualquier cosa. Como se le ocurre a uno decir que vamos a combatir las tormentas con drones y estos est\u00e1n a 300 metros. Las tormentas no se arman a 300 metros\u201d<\/em>, dijo Cornejo.<\/p>\n\n\n\n<p>En lo que respecta a las propuestas del Sur provincial, asegur\u00f3 que est\u00e1 analizando continuar con el sistema de aviones pedido por los intendentes de General Alvear,&nbsp;<strong>Alejandro Molero<\/strong>, y de San Rafael,&nbsp;<strong>Omar F\u00e9lix<\/strong>.<\/p>\n\n\n\n<p><em>\u201cNosotros estamos dispuestos a no dejarlo solo tampoco en eso, a pesar de que creemos que no est\u00e1 probado que sea efectiva. Para no eliminarla de un momento a otro, sino que sea en una transici\u00f3n para la pr\u00f3xima temporada, nosotros estamos dispuestos a poner capital y estamos dispuestos a poner el dinero para mantenerlo un tiempo m\u00e1s\u201d<\/em>, indic\u00f3 el mandatario.<\/p>\n\n\n\n<p>Finalmente, asegur\u00f3 que el objetivo del Gobierno es profundizar la pol\u00edtica del seguro agr\u00edcola, que es \u201c<em>un subsidio que va directo al bolsillo del peque\u00f1o productor\u201d<\/em>.<\/p>\n\n\n\n<p><em>\u201cEst\u00e1 probado que si usted le da un cheque a un productor que tiene el 100% de p\u00e9rdida, podr\u00e1 recuperarse para la pr\u00f3xima temporada, entonces ese es el ejemplo pr\u00e1ctico que creo que tienen que tener todos en la cabeza. Creemos que la pr\u00f3xima etapa debe ser puro seguro\u201d<\/em>, detall\u00f3 Cornejo.<\/p>\n\n\n\n<p>FUENTE: Elsol.com.ar <\/p>\n","protected":false},"excerpt":{"rendered":"<p>El gobernador asegur\u00f3 que \u201clos que hablan son pol\u00edticos y no t\u00e9cnicos\u201d. Critic\u00f3 la propuesta de drones que impuls\u00f3 el intendente de San Carlos y detall\u00f3 que el plan del Gobierno es fortalecer el seguro agr\u00edcola. El gobernador&nbsp;Alfredo Cornejo&nbsp;se mostr\u00f3&nbsp;molesto sobre el revuelo pol\u00edtico que se gener\u00f3 por su decisi\u00f3n de no continuar con la&nbsp;lucha [&hellip;]<\/p>\n","protected":false},"author":2,"featured_media":8638,"comment_status":"open","ping_status":"open","sticky":true,"template":"","format":"standard","meta":[],"categories":[47],"tags":[],"_links":{"self":[{"href":"https:\/\/pasaenmendoza.com\/index.php?rest_route=\/wp\/v2\/posts\/8637"}],"collection":[{"href":"https:\/\/pasaenmendoza.com\/index.php?rest_route=\/wp\/v2\/posts"}],"about":[{"href":"https:\/\/pasaenmendoza.com\/index.php?rest_route=\/wp\/v2\/types\/post"}],"author":[{"embeddable":true,"href":"https:\/\/pasaenmendoza.com\/index.php?rest_route=\/wp\/v2\/users\/2"}],"replies":[{"embeddable":true,"href":"https:\/\/pasaenmendoza.com\/index.php?rest_route=%2Fwp%2Fv2%2Fcomments&post=8637"}],"version-history":[{"count":1,"href":"https:\/\/pasaenmendoza.com\/index.php?rest_route=\/wp\/v2\/posts\/8637\/revisions"}],"predecessor-version":[{"id":8639,"href":"https:\/\/pasaenmendoza.com\/index.php?rest_route=\/wp\/v2\/posts\/8637\/revisions\/8639"}],"wp:featuredmedia":[{"embeddable":true,"href":"https:\/\/pasaenmendoza.com\/index.php?rest_route=\/wp\/v2\/media\/8638"}],"wp:attachment":[{"href":"https:\/\/pasaenmendoza.com\/index.php?rest_route=%2Fwp%2Fv2%2Fmedia&parent=8637"}],"wp:term":[{"taxonomy":"category","embeddable":true,"href":"https:\/\/pasaenmendoza.com\/index.php?rest_route=%2Fwp%2Fv2%2Fcategories&post=8637"},{"taxonomy":"post_tag","embeddable":true,"href":"https:\/\/pasaenmendoza.com\/index.php?rest_route=%2Fwp%2Fv2%2Ftags&post=8637"}],"curies":[{"name":"wp","href":"https:\/\/api.w.org\/{rel}","templated":true}]}}