{"id":8640,"date":"2024-07-18T01:01:45","date_gmt":"2024-07-17T23:01:45","guid":{"rendered":"https:\/\/pasaenmendoza.com\/?p=8640"},"modified":"2024-07-18T01:01:46","modified_gmt":"2024-07-17T23:01:46","slug":"el-insolito-metodo-de-lourdes-arrieta-para-atender-a-periodistas","status":"publish","type":"post","link":"https:\/\/pasaenmendoza.com\/?p=8640","title":{"rendered":"El ins\u00f3lito m\u00e9todo de Lourdes Arrieta para atender a periodistas"},"content":{"rendered":"\n<p>En medio de la&nbsp;<strong>pol\u00e9mica<\/strong>&nbsp;que se desencaden\u00f3 este mi\u00e9rcoles por la visita de los diputados de&nbsp;<strong>La Libertad Avanza&nbsp;<\/strong>a&nbsp;<strong>genocidas de la \u00faltima dictadura militar en la c\u00e1rcel de Ezeiza<\/strong>, el&nbsp;<strong>periodismo mendocino<\/strong>&nbsp;intent\u00f3 comunicarse con la diputada nacional por Mendoza,&nbsp;<strong>Lourdes Arrieta.<\/strong>&nbsp;El motivo para hablar con ella estaba relacionado con su visita a los represores condenados, entre los que se encontraba&nbsp;<strong>Alfredo Astiz, &#8220;El \u00e1ngel de la muerte&#8221;<\/strong>.&nbsp;<strong>Ning\u00fan<\/strong>&nbsp;<strong>medio o periodista pudo contactarla<\/strong>. Alertada por la requisitoria de la prensa, la legisladora nacional&nbsp;<strong>instruy\u00f3 a su&nbsp;<em>prensero<\/em><\/strong>&nbsp;para que les informen a los reporteros mendocinos su&nbsp;<strong>nuevo m\u00e9todos para responder consultas<\/strong>.<\/p>\n\n\n\n<p>Las consultas al equipo de comunicaci\u00f3n de Arriesta no cesaban. Uno integrante de ese grupo, quien habr\u00eda tomado el cargo hace poco tiempo, se\u00f1al\u00f3 que quienes deseen hablar con su jefa<strong>\u00a0Lourdes Arrieta<\/strong>\u00a0deber\u00e1n\u00a0<strong>inscribirse en un formulario, de ese forma tendr\u00e1n d\u00eda y fecha para poder hablar con la diputada.<\/strong><\/p>\n\n\n\n<p>\u00a0 Algo ins\u00f3lito para quienes trabajan a diario con una din\u00e1mica y en estos tiempos que se requiere la informaci\u00f3n r\u00e1pida y a tiempo.\u00a0\u00a0<\/p>\n\n\n\n<p>Sin embargo, aseguran que no es algo que ocurri\u00f3 solo hoy, sino una modalidad en la que decide no contestar el tel\u00e9fono ni mensajes de WhatsApp. Desde que asumi\u00f3 hace 7 meses, en muy pocas ocasiones le ha brindado declaraciones a la prensa.<\/p>\n\n\n\n<p>FUENTE: Mendozapost.<\/p>\n","protected":false},"excerpt":{"rendered":"<p>En medio de la&nbsp;pol\u00e9mica&nbsp;que se desencaden\u00f3 este mi\u00e9rcoles por la visita de los diputados de&nbsp;La Libertad Avanza&nbsp;a&nbsp;genocidas de la \u00faltima dictadura militar en la c\u00e1rcel de Ezeiza, el&nbsp;periodismo mendocino&nbsp;intent\u00f3 comunicarse con la diputada nacional por Mendoza,&nbsp;Lourdes Arrieta.&nbsp;El motivo para hablar con ella estaba relacionado con su visita a los represores condenados, entre los que se [&hellip;]<\/p>\n","protected":false},"author":2,"featured_media":8641,"comment_status":"open","ping_status":"open","sticky":true,"template":"","format":"standard","meta":[],"categories":[47],"tags":[],"_links":{"self":[{"href":"https:\/\/pasaenmendoza.com\/index.php?rest_route=\/wp\/v2\/posts\/8640"}],"collection":[{"href":"https:\/\/pasaenmendoza.com\/index.php?rest_route=\/wp\/v2\/posts"}],"about":[{"href":"https:\/\/pasaenmendoza.com\/index.php?rest_route=\/wp\/v2\/types\/post"}],"author":[{"embeddable":true,"href":"https:\/\/pasaenmendoza.com\/index.php?rest_route=\/wp\/v2\/users\/2"}],"replies":[{"embeddable":true,"href":"https:\/\/pasaenmendoza.com\/index.php?rest_route=%2Fwp%2Fv2%2Fcomments&post=8640"}],"version-history":[{"count":1,"href":"https:\/\/pasaenmendoza.com\/index.php?rest_route=\/wp\/v2\/posts\/8640\/revisions"}],"predecessor-version":[{"id":8642,"href":"https:\/\/pasaenmendoza.com\/index.php?rest_route=\/wp\/v2\/posts\/8640\/revisions\/8642"}],"wp:featuredmedia":[{"embeddable":true,"href":"https:\/\/pasaenmendoza.com\/index.php?rest_route=\/wp\/v2\/media\/8641"}],"wp:attachment":[{"href":"https:\/\/pasaenmendoza.com\/index.php?rest_route=%2Fwp%2Fv2%2Fmedia&parent=8640"}],"wp:term":[{"taxonomy":"category","embeddable":true,"href":"https:\/\/pasaenmendoza.com\/index.php?rest_route=%2Fwp%2Fv2%2Fcategories&post=8640"},{"taxonomy":"post_tag","embeddable":true,"href":"https:\/\/pasaenmendoza.com\/index.php?rest_route=%2Fwp%2Fv2%2Ftags&post=8640"}],"curies":[{"name":"wp","href":"https:\/\/api.w.org\/{rel}","templated":true}]}}